{"id":1990,"date":"2023-12-20T22:01:10","date_gmt":"2023-12-20T22:01:10","guid":{"rendered":"https:\/\/spatzenkutter.gob.ar\/?p=1990"},"modified":"2023-12-20T22:01:10","modified_gmt":"2023-12-20T22:01:10","slug":"nuestra-aldea-y-su-actualidad","status":"publish","type":"post","link":"https:\/\/spatzenkutter.gob.ar\/nuestra-aldea-y-su-actualidad\/","title":{"rendered":"Nuestra aldea y su actualidad"},"content":{"rendered":"<p>El jueves 14 de diciembre se realiz\u00f3 el acto oficial de nuevas autoridades locales. Se llev\u00f3 a cabo en horas de la tarde en un conocido sal\u00f3n privado de la localidad, ya que por los pron\u00f3sticos meteorol\u00f3gicos previstos se desisti\u00f3 de hacerlo frente al Museo. Cont\u00f3 con la presencia de autoridades comunales de la zona e instituciones intermedias.<\/p>\n<p>Luego de la lectura de salutaciones, el cura p\u00e1rroco de Valle Mar\u00eda P. Carlos Haberkorn tom\u00f3 juramento al actual presidente Juan Lell, quien fue reelegido como presidente comunal.<\/p>\n<p>Posteriormente Lell hizo lo propio con el resto de los integrantes del Consejo Comunal, Sof\u00eda Regner, Agust\u00edn Deiloff, Roxana Feser, Lautaro Herrlein, Carina Godoy Re, Omar Bernardt y Mariana Rausch.<\/p>\n<p>El acto finaliz\u00f3 con la bendici\u00f3n de las nuevas autoridades y la entrega de reconocimientos a los concejeros salientes. El nuevo consejo comunal procedi\u00f3 posteriormente a la realizaci\u00f3n de su primera sesi\u00f3n.<\/p>\n<p><strong>Visita de las im\u00e1genes de la Virgen y San Jos\u00e9<\/strong><br \/>\nDesde el d\u00eda 11 hasta el 18 de diciembre la comunidad de la parroquia de Valle Mar\u00eda recibi\u00f3 la visita de las im\u00e1genes de la Virgen de Luj\u00e1n y San Jos\u00e9. Fueron tra\u00eddas por C\u00e1ritas Argentina.<\/p>\n<p>En Spatzenkutter las im\u00e1genes estuvieron el 14 de diciembre, quedando en la sede de la Comuna hasta el mediod\u00eda. Posteriormente fueron trasladas al templo en procesi\u00f3n, donde permanecieron hasta las 19:00, para luego ser llevadas al Quincho Los Amigos, donde acompa\u00f1aron la ceremonia de asunci\u00f3n de autoridades comunales.<\/p>\n<p>El viernes 15, las im\u00e1genes estuvieron hasta las 12:00 en el Centro de Salud Maip\u00fa y retornaron al templo hasta que fueron trasladadas a Aldea Salto.<\/p>\n<p>La comunidad recibi\u00f3 con gran regocijo las im\u00e1genes, que fueron muy veneradas y visitadas por los vecinos.<\/p>\n<p><strong>Horarios de celebraciones navide\u00f1as<\/strong><br \/>\nLa Iglesia Asunci\u00f3n de Mar\u00eda defini\u00f3 los horarios de las pr\u00f3ximas fiestas de Navidad y A\u00f1o Nuevo. El cronograma es el siguiente:<br \/>\n\u25cf S\u00e1bado 23: Misa a las 19:00 \u2013 Cuarto Domingo de Adviento.<br \/>\n\u25cf Domingo 24: Misa de Nochebuena a las 20:00.<br \/>\n\u25cf Domingo 31: Misa de fin de a\u00f1o a las 20: 00.<\/p>\n","protected":false},"excerpt":{"rendered":"<p>El jueves 14 de diciembre se realiz\u00f3 el acto oficial de nuevas autoridades locales. Se llev\u00f3 a cabo en horas de la tarde en un conocido sal\u00f3n privado de la&hellip;<\/p>\n","protected":false},"author":2,"featured_media":1991,"comment_status":"open","ping_status":"open","sticky":false,"template":"","format":"standard","meta":{"_lmt_disableupdate":"","_lmt_disable":"","footnotes":""},"categories":[10],"tags":[],"class_list":["post-1990","post","type-post","status-publish","format-standard","has-post-thumbnail","hentry","category-noticias"],"_links":{"self":[{"href":"https:\/\/spatzenkutter.gob.ar\/%77%70%2d%6a%73%6f%6e\/wp\/v2\/posts\/1990","targetHints":{"allow":["GET"]}}],"collection":[{"href":"https:\/\/spatzenkutter.gob.ar\/%77%70%2d%6a%73%6f%6e\/wp\/v2\/posts"}],"about":[{"href":"https:\/\/spatzenkutter.gob.ar\/%77%70%2d%6a%73%6f%6e\/wp\/v2\/types\/post"}],"author":[{"embeddable":true,"href":"https:\/\/spatzenkutter.gob.ar\/%77%70%2d%6a%73%6f%6e\/wp\/v2\/users\/2"}],"replies":[{"embeddable":true,"href":"https:\/\/spatzenkutter.gob.ar\/%77%70%2d%6a%73%6f%6e\/wp\/v2\/comments?post=1990"}],"version-history":[{"count":1,"href":"https:\/\/spatzenkutter.gob.ar\/%77%70%2d%6a%73%6f%6e\/wp\/v2\/posts\/1990\/revisions"}],"predecessor-version":[{"id":1992,"href":"https:\/\/spatzenkutter.gob.ar\/%77%70%2d%6a%73%6f%6e\/wp\/v2\/posts\/1990\/revisions\/1992"}],"wp:featuredmedia":[{"embeddable":true,"href":"https:\/\/spatzenkutter.gob.ar\/%77%70%2d%6a%73%6f%6e\/wp\/v2\/media\/1991"}],"wp:attachment":[{"href":"https:\/\/spatzenkutter.gob.ar\/%77%70%2d%6a%73%6f%6e\/wp\/v2\/media?parent=1990"}],"wp:term":[{"taxonomy":"category","embeddable":true,"href":"https:\/\/spatzenkutter.gob.ar\/%77%70%2d%6a%73%6f%6e\/wp\/v2\/categories?post=1990"},{"taxonomy":"post_tag","embeddable":true,"href":"https:\/\/spatzenkutter.gob.ar\/%77%70%2d%6a%73%6f%6e\/wp\/v2\/tags?post=1990"}],"curies":[{"name":"wp","href":"https:\/\/api.w.org\/{rel}","templated":true}]}}