{"id":1993,"date":"2023-12-27T20:21:35","date_gmt":"2023-12-27T20:21:35","guid":{"rendered":"https:\/\/spatzenkutter.gob.ar\/?p=1993"},"modified":"2023-12-27T20:21:35","modified_gmt":"2023-12-27T20:21:35","slug":"spatzenkutter-en-movimiento","status":"publish","type":"post","link":"https:\/\/spatzenkutter.gob.ar\/spatzenkutter-en-movimiento\/","title":{"rendered":"Spatzenkutter en movimiento"},"content":{"rendered":"<p>D\u00edas pasados la Comuna de Aldea Spatzenkutter fue notificada por la Armada de la Rep\u00fablica Argentina de la resoluci\u00f3n del Estado Mayor General por el cual se don\u00f3 a esta Comuna un misil Sea Dart, que perteneciera a la dotaci\u00f3n de armas del Destructor Santisima Trinidad, nave insignia durante la operaci\u00f3n en la recuperaci\u00f3n de las Islas Malvinas el 2 de abril del a\u00f1o 1982.<\/p>\n<p>Esta pieza de singular valor hist\u00f3rico tiene como destino su emplazamiento en el espacio Malvinas que circunda al monumento hom\u00f3nimo, ubicado en el Parque del Inmigrante en la intersecci\u00f3n de las calles Padre Kolmann y Av. Alemanes del Volga.<\/p>\n<p>Dicha donaci\u00f3n por parte de la Armada Argentina se hizo tomando en consideraci\u00f3n la residencia de un veterano de guerra en esta localidad.<\/p>\n<p>&nbsp;<\/p>\n<p><strong>Receso administrativo<\/strong><\/p>\n<p>Desde el 2 hasta el 14 de enero las oficinas p\u00fablicas de la Comuna de Aldea Spatzenkutter, estar\u00e1n de receso. No se resentir\u00e1n las urgencias referidas al servicio de agua potable, en tanto que la recolecci\u00f3n de residuos ser\u00e1 normal. Por su parte, el asueto tambi\u00e9n abarcar\u00e1 la boca de cobro de servicios.<\/p>\n","protected":false},"excerpt":{"rendered":"<p>D\u00edas pasados la Comuna de Aldea Spatzenkutter fue notificada por la Armada de la Rep\u00fablica Argentina de la resoluci\u00f3n del Estado Mayor General por el cual se don\u00f3 a esta&hellip;<\/p>\n","protected":false},"author":2,"featured_media":1994,"comment_status":"open","ping_status":"open","sticky":false,"template":"","format":"standard","meta":{"_lmt_disableupdate":"","_lmt_disable":"","footnotes":""},"categories":[10],"tags":[],"class_list":["post-1993","post","type-post","status-publish","format-standard","has-post-thumbnail","hentry","category-noticias"],"_links":{"self":[{"href":"https:\/\/spatzenkutter.gob.ar\/%77%70%2d%6a%73%6f%6e\/wp\/v2\/posts\/1993","targetHints":{"allow":["GET"]}}],"collection":[{"href":"https:\/\/spatzenkutter.gob.ar\/%77%70%2d%6a%73%6f%6e\/wp\/v2\/posts"}],"about":[{"href":"https:\/\/spatzenkutter.gob.ar\/%77%70%2d%6a%73%6f%6e\/wp\/v2\/types\/post"}],"author":[{"embeddable":true,"href":"https:\/\/spatzenkutter.gob.ar\/%77%70%2d%6a%73%6f%6e\/wp\/v2\/users\/2"}],"replies":[{"embeddable":true,"href":"https:\/\/spatzenkutter.gob.ar\/%77%70%2d%6a%73%6f%6e\/wp\/v2\/comments?post=1993"}],"version-history":[{"count":1,"href":"https:\/\/spatzenkutter.gob.ar\/%77%70%2d%6a%73%6f%6e\/wp\/v2\/posts\/1993\/revisions"}],"predecessor-version":[{"id":1995,"href":"https:\/\/spatzenkutter.gob.ar\/%77%70%2d%6a%73%6f%6e\/wp\/v2\/posts\/1993\/revisions\/1995"}],"wp:featuredmedia":[{"embeddable":true,"href":"https:\/\/spatzenkutter.gob.ar\/%77%70%2d%6a%73%6f%6e\/wp\/v2\/media\/1994"}],"wp:attachment":[{"href":"https:\/\/spatzenkutter.gob.ar\/%77%70%2d%6a%73%6f%6e\/wp\/v2\/media?parent=1993"}],"wp:term":[{"taxonomy":"category","embeddable":true,"href":"https:\/\/spatzenkutter.gob.ar\/%77%70%2d%6a%73%6f%6e\/wp\/v2\/categories?post=1993"},{"taxonomy":"post_tag","embeddable":true,"href":"https:\/\/spatzenkutter.gob.ar\/%77%70%2d%6a%73%6f%6e\/wp\/v2\/tags?post=1993"}],"curies":[{"name":"wp","href":"https:\/\/api.w.org\/{rel}","templated":true}]}}