{"id":2005,"date":"2024-02-08T21:09:22","date_gmt":"2024-02-08T21:09:22","guid":{"rendered":"https:\/\/spatzenkutter.gob.ar\/?p=2005"},"modified":"2024-02-08T21:09:22","modified_gmt":"2024-02-08T21:09:22","slug":"reunion-de-comunas-de-los-departamentos-nogoya-victoria-y-diamante","status":"publish","type":"post","link":"https:\/\/spatzenkutter.gob.ar\/reunion-de-comunas-de-los-departamentos-nogoya-victoria-y-diamante\/","title":{"rendered":"Reuni\u00f3n de Comunas de los Departamentos Nogoy\u00e1, Victoria y Diamante"},"content":{"rendered":"<p>Se realiz\u00f3 el jueves 8 de febrero en la ciudad de Nogoy\u00e1 una reuni\u00f3n de representantes de Comunas de los Departamentos Nogoy\u00e1, Victoria y Diamante.<\/p>\n<p>Particip\u00f3 el Ministro de Gobierno y Trabajo de Entre R\u00edos, Dr. Manuel Troncoso; la presidenta del Instituto de Cooperativas y Mutualidades, dependiente del Ministerio de Gobierno y Trabajo, Mar\u00eda Laura Renoldi; el Secretario de Gobiernos Locales Miguel Heft y el Director de Comunas de Entre R\u00edos Marcelo Gim\u00e9nez.<\/p>\n<p>Spatzenkutter tuvo representaci\u00f3n a trav\u00e9s de nuestro presidente, Juan Lell, quien coment\u00f3 que \u201cFue una reuni\u00f3n muy productiva en la cual disert\u00f3 el ministro Troncoso junto a su equipo de trabajo. Los presidentes comunales tuvimos la palabra y cada uno expuso distintas necesidades y gestiones. Qued\u00f3 claro que cada comuna entrerriana tiene una realidad distinta\u201d.<\/p>\n<p>\u201cFue una reuni\u00f3n muy positiva y productiva donde adem\u00e1s pudimos exponer la actualidad de nuestra Comuna. Dialogamos sobre el presente de nuestra aldea y las gestiones que venimos llevando adelante\u201d, agreg\u00f3.<\/p>\n","protected":false},"excerpt":{"rendered":"<p>Se realiz\u00f3 el jueves 8 de febrero en la ciudad de Nogoy\u00e1 una reuni\u00f3n de representantes de Comunas de los Departamentos Nogoy\u00e1, Victoria y Diamante. Particip\u00f3 el Ministro de Gobierno&hellip;<\/p>\n","protected":false},"author":2,"featured_media":2006,"comment_status":"open","ping_status":"open","sticky":false,"template":"","format":"standard","meta":{"_lmt_disableupdate":"","_lmt_disable":"","footnotes":""},"categories":[10],"tags":[68],"class_list":["post-2005","post","type-post","status-publish","format-standard","has-post-thumbnail","hentry","category-noticias","tag-reunion"],"_links":{"self":[{"href":"https:\/\/spatzenkutter.gob.ar\/%77%70%2d%6a%73%6f%6e\/wp\/v2\/posts\/2005","targetHints":{"allow":["GET"]}}],"collection":[{"href":"https:\/\/spatzenkutter.gob.ar\/%77%70%2d%6a%73%6f%6e\/wp\/v2\/posts"}],"about":[{"href":"https:\/\/spatzenkutter.gob.ar\/%77%70%2d%6a%73%6f%6e\/wp\/v2\/types\/post"}],"author":[{"embeddable":true,"href":"https:\/\/spatzenkutter.gob.ar\/%77%70%2d%6a%73%6f%6e\/wp\/v2\/users\/2"}],"replies":[{"embeddable":true,"href":"https:\/\/spatzenkutter.gob.ar\/%77%70%2d%6a%73%6f%6e\/wp\/v2\/comments?post=2005"}],"version-history":[{"count":1,"href":"https:\/\/spatzenkutter.gob.ar\/%77%70%2d%6a%73%6f%6e\/wp\/v2\/posts\/2005\/revisions"}],"predecessor-version":[{"id":2007,"href":"https:\/\/spatzenkutter.gob.ar\/%77%70%2d%6a%73%6f%6e\/wp\/v2\/posts\/2005\/revisions\/2007"}],"wp:featuredmedia":[{"embeddable":true,"href":"https:\/\/spatzenkutter.gob.ar\/%77%70%2d%6a%73%6f%6e\/wp\/v2\/media\/2006"}],"wp:attachment":[{"href":"https:\/\/spatzenkutter.gob.ar\/%77%70%2d%6a%73%6f%6e\/wp\/v2\/media?parent=2005"}],"wp:term":[{"taxonomy":"category","embeddable":true,"href":"https:\/\/spatzenkutter.gob.ar\/%77%70%2d%6a%73%6f%6e\/wp\/v2\/categories?post=2005"},{"taxonomy":"post_tag","embeddable":true,"href":"https:\/\/spatzenkutter.gob.ar\/%77%70%2d%6a%73%6f%6e\/wp\/v2\/tags?post=2005"}],"curies":[{"name":"wp","href":"https:\/\/api.w.org\/{rel}","templated":true}]}}