{"id":2009,"date":"2024-02-14T13:15:31","date_gmt":"2024-02-14T13:15:31","guid":{"rendered":"https:\/\/spatzenkutter.gob.ar\/?p=2009"},"modified":"2024-02-14T13:15:31","modified_gmt":"2024-02-14T13:15:31","slug":"iniciativas-para-cuidar-el-cuerpo-y-distender-la-mente","status":"publish","type":"post","link":"https:\/\/spatzenkutter.gob.ar\/iniciativas-para-cuidar-el-cuerpo-y-distender-la-mente\/","title":{"rendered":"Iniciativas para cuidar el cuerpo y distender la mente"},"content":{"rendered":"<p>Se desarrollar\u00e1n en nuestro Sal\u00f3n Comunal los martes y jueves de 19.00 a 20.00, estando a cargo de la Profesora Lucrecia Acevedo.<\/p>\n<p>&nbsp;<\/p>\n<p>Los beneficios son numerosos, ya que al tratarse de una modalidad de alta intensidad, permite no solo quemar calor\u00edas y grasa, sino tambi\u00e9n tonificar el cuerpo y trabajar la musculatura, aumentando la resistencia.<\/p>\n<p>&nbsp;<\/p>\n<p>Las clases, que adem\u00e1s son entretenidas y divertidas, permitiendo la distenci\u00f3n mental, tan importante en estos tiempos, dan inicio el martes 20 de febrero a las 20.00.<\/p>\n<p>&nbsp;<\/p>\n<p>Interesados pueden pedir informaci\u00f3n comunic\u00e1ndose al tel\u00e9fono 3434199630.<\/p>\n<p>&nbsp;<\/p>\n<p>\u00a1Te esperamos!<\/p>\n<p>&nbsp;<\/p>\n<p>&nbsp;<\/p>\n","protected":false},"excerpt":{"rendered":"<p>Se desarrollar\u00e1n en nuestro Sal\u00f3n Comunal los martes y jueves de 19.00 a 20.00, estando a cargo de la Profesora Lucrecia Acevedo. &nbsp; Los beneficios son numerosos, ya que al&hellip;<\/p>\n","protected":false},"author":2,"featured_media":2010,"comment_status":"open","ping_status":"open","sticky":false,"template":"","format":"standard","meta":{"_lmt_disableupdate":"","_lmt_disable":"","footnotes":""},"categories":[10],"tags":[69],"class_list":["post-2009","post","type-post","status-publish","format-standard","has-post-thumbnail","hentry","category-noticias","tag-zumba"],"_links":{"self":[{"href":"https:\/\/spatzenkutter.gob.ar\/%77%70%2d%6a%73%6f%6e\/wp\/v2\/posts\/2009","targetHints":{"allow":["GET"]}}],"collection":[{"href":"https:\/\/spatzenkutter.gob.ar\/%77%70%2d%6a%73%6f%6e\/wp\/v2\/posts"}],"about":[{"href":"https:\/\/spatzenkutter.gob.ar\/%77%70%2d%6a%73%6f%6e\/wp\/v2\/types\/post"}],"author":[{"embeddable":true,"href":"https:\/\/spatzenkutter.gob.ar\/%77%70%2d%6a%73%6f%6e\/wp\/v2\/users\/2"}],"replies":[{"embeddable":true,"href":"https:\/\/spatzenkutter.gob.ar\/%77%70%2d%6a%73%6f%6e\/wp\/v2\/comments?post=2009"}],"version-history":[{"count":1,"href":"https:\/\/spatzenkutter.gob.ar\/%77%70%2d%6a%73%6f%6e\/wp\/v2\/posts\/2009\/revisions"}],"predecessor-version":[{"id":2011,"href":"https:\/\/spatzenkutter.gob.ar\/%77%70%2d%6a%73%6f%6e\/wp\/v2\/posts\/2009\/revisions\/2011"}],"wp:featuredmedia":[{"embeddable":true,"href":"https:\/\/spatzenkutter.gob.ar\/%77%70%2d%6a%73%6f%6e\/wp\/v2\/media\/2010"}],"wp:attachment":[{"href":"https:\/\/spatzenkutter.gob.ar\/%77%70%2d%6a%73%6f%6e\/wp\/v2\/media?parent=2009"}],"wp:term":[{"taxonomy":"category","embeddable":true,"href":"https:\/\/spatzenkutter.gob.ar\/%77%70%2d%6a%73%6f%6e\/wp\/v2\/categories?post=2009"},{"taxonomy":"post_tag","embeddable":true,"href":"https:\/\/spatzenkutter.gob.ar\/%77%70%2d%6a%73%6f%6e\/wp\/v2\/tags?post=2009"}],"curies":[{"name":"wp","href":"https:\/\/api.w.org\/{rel}","templated":true}]}}