{"id":2016,"date":"2024-02-21T19:45:29","date_gmt":"2024-02-21T19:45:29","guid":{"rendered":"https:\/\/spatzenkutter.gob.ar\/?p=2016"},"modified":"2024-02-21T19:45:47","modified_gmt":"2024-02-21T19:45:47","slug":"digitalizando-nuestra-historia","status":"publish","type":"post","link":"https:\/\/spatzenkutter.gob.ar\/digitalizando-nuestra-historia\/","title":{"rendered":"Digitalizando nuestra historia"},"content":{"rendered":"<p>El 18 de enero de 2019, el Primer Ministro del Estado Libre de Baviera, Markus S\u00f6der, inaugur\u00f3 el centro cultural con una donaci\u00f3n a la asociaci\u00f3n de apoyo \u201cCentro Cultural de los Alemanes de Rusia e. V.\u201d y le entreg\u00f3 simb\u00f3licamente las llaves de la casa.<\/p>\n<p>Es la primera instituci\u00f3n de este tipo financiada por el Estado en Alemania. Markus S\u00f6der ya hab\u00eda prometido fondos para la promoci\u00f3n y el mantenimiento de la cultura y la historia ruso-alemana en su primera declaraci\u00f3n gubernamental en abril de 2018.<\/p>\n<p>El centro cultural debe funcionar principalmente como lugar de encuentro, lugar para eventos y como instituci\u00f3n que asesora y apoya a los trabajadores culturales de este grupo \u00e9tnico y documenta la historia de los alemanes de Rusia a trav\u00e9s de publicaciones.<\/p>\n<p>Con exposiciones, lecturas p\u00fablicas, conferencias y debates en constante cambio, se busca ofrecer una visi\u00f3n de la historia y la cultura de los alemanes rusos para crear conciencia sobre el destino de este grupo \u00e9tnico, ahora muy numeroso.<\/p>\n<p>De este modo, tres Museos Alemanes del Volga podr\u00e1n ser visitados de manera virtual en 360* desde cualquier parte del mundo.\u00a0 Son el Museo de Valle Mar\u00eda, el de Spatzenkutter y el de Santa Anita.<\/p>\n<p>Gracias al Centro Cultural de Bayer, Munich, Alemania. Gracias a la Licenciada Olga Litzenberger. Gracias a Dario Wendler, Director de cultura y turismo de Valle Mar\u00eda. Vamos a ser los tres primeros museos de Am\u00e9rica que estaremos en esa red internacional de Museos de los Alemanes migrados a Rusia, Kasajistan Ucrania y luego a Argentina. Un verdadero Honor. Agradecemos a la Embajada de Alemania y a la Fundaci\u00f3n Europea que financia este importante proyecto virtual.<\/p>\n","protected":false},"excerpt":{"rendered":"<p>El 18 de enero de 2019, el Primer Ministro del Estado Libre de Baviera, Markus S\u00f6der, inaugur\u00f3 el centro cultural con una donaci\u00f3n a la asociaci\u00f3n de apoyo \u201cCentro Cultural&hellip;<\/p>\n","protected":false},"author":2,"featured_media":2017,"comment_status":"open","ping_status":"open","sticky":false,"template":"","format":"standard","meta":{"_lmt_disableupdate":"","_lmt_disable":"","footnotes":""},"categories":[10],"tags":[],"class_list":["post-2016","post","type-post","status-publish","format-standard","has-post-thumbnail","hentry","category-noticias"],"_links":{"self":[{"href":"https:\/\/spatzenkutter.gob.ar\/%77%70%2d%6a%73%6f%6e\/wp\/v2\/posts\/2016","targetHints":{"allow":["GET"]}}],"collection":[{"href":"https:\/\/spatzenkutter.gob.ar\/%77%70%2d%6a%73%6f%6e\/wp\/v2\/posts"}],"about":[{"href":"https:\/\/spatzenkutter.gob.ar\/%77%70%2d%6a%73%6f%6e\/wp\/v2\/types\/post"}],"author":[{"embeddable":true,"href":"https:\/\/spatzenkutter.gob.ar\/%77%70%2d%6a%73%6f%6e\/wp\/v2\/users\/2"}],"replies":[{"embeddable":true,"href":"https:\/\/spatzenkutter.gob.ar\/%77%70%2d%6a%73%6f%6e\/wp\/v2\/comments?post=2016"}],"version-history":[{"count":3,"href":"https:\/\/spatzenkutter.gob.ar\/%77%70%2d%6a%73%6f%6e\/wp\/v2\/posts\/2016\/revisions"}],"predecessor-version":[{"id":2020,"href":"https:\/\/spatzenkutter.gob.ar\/%77%70%2d%6a%73%6f%6e\/wp\/v2\/posts\/2016\/revisions\/2020"}],"wp:featuredmedia":[{"embeddable":true,"href":"https:\/\/spatzenkutter.gob.ar\/%77%70%2d%6a%73%6f%6e\/wp\/v2\/media\/2017"}],"wp:attachment":[{"href":"https:\/\/spatzenkutter.gob.ar\/%77%70%2d%6a%73%6f%6e\/wp\/v2\/media?parent=2016"}],"wp:term":[{"taxonomy":"category","embeddable":true,"href":"https:\/\/spatzenkutter.gob.ar\/%77%70%2d%6a%73%6f%6e\/wp\/v2\/categories?post=2016"},{"taxonomy":"post_tag","embeddable":true,"href":"https:\/\/spatzenkutter.gob.ar\/%77%70%2d%6a%73%6f%6e\/wp\/v2\/tags?post=2016"}],"curies":[{"name":"wp","href":"https:\/\/api.w.org\/{rel}","templated":true}]}}