{"id":2021,"date":"2024-02-27T20:32:48","date_gmt":"2024-02-27T20:32:48","guid":{"rendered":"https:\/\/spatzenkutter.gob.ar\/?p=2021"},"modified":"2024-02-27T20:32:48","modified_gmt":"2024-02-27T20:32:48","slug":"mejoras-educativas-y-culturales-en-nuestra-aldea","status":"publish","type":"post","link":"https:\/\/spatzenkutter.gob.ar\/mejoras-educativas-y-culturales-en-nuestra-aldea\/","title":{"rendered":"Mejoras educativas y culturales en nuestra aldea"},"content":{"rendered":"<p>El martes 27 de febrero se produjo una reuni\u00f3n de trabajo entre el presidente de nuestra Comuna Juan Lell y la nueva Rectora de la Escuela Secundaria N18 Juan L Ort\u00edz, Priscila Schunck.<\/p>\n<p>Juntos dialogaron sobre la importancia de seguir trabajando, acompa\u00f1ando cada proyecto que beneficie a nuestra instituci\u00f3n educativa.<\/p>\n<p>La Comuna siempre ha estado presente, trabajando codo a codo tanto en la Escuela Primaria como en la Secundaria, adem\u00e1s de apoyar y colaborar con el resto de las instituciones de nuestra hermosa aldea.<\/p>\n<p><img fetchpriority=\"high\" decoding=\"async\" class=\"alignnone size-full wp-image-2023\" src=\"https:\/\/spatzenkutter.gob.ar\/%77%70%2d%63%6f%6e%74%65%6e%74\/uploads\/2024\/02\/428658085_817636370404990_2304202804777145852_n.jpg\" alt=\"\" width=\"720\" height=\"960\" srcset=\"https:\/\/spatzenkutter.gob.ar\/%77%70%2d%63%6f%6e%74%65%6e%74\/uploads\/2024\/02\/428658085_817636370404990_2304202804777145852_n.jpg 720w, https:\/\/spatzenkutter.gob.ar\/%77%70%2d%63%6f%6e%74%65%6e%74\/uploads\/2024\/02\/428658085_817636370404990_2304202804777145852_n-225x300.jpg 225w, https:\/\/spatzenkutter.gob.ar\/%77%70%2d%63%6f%6e%74%65%6e%74\/uploads\/2024\/02\/428658085_817636370404990_2304202804777145852_n-585x780.jpg 585w\" sizes=\"(max-width: 720px) 100vw, 720px\" \/><\/p>\n<p>Por otro lado, record\u00f3 que se est\u00e1n finalizando los trabajos en la Casa de Cultura, con trabajos en el interior y exterior, brindando m\u00e1s comodidad a los vecinos usuarios de este hist\u00f3rico espacio cultural.<\/p>\n","protected":false},"excerpt":{"rendered":"<p>El martes 27 de febrero se produjo una reuni\u00f3n de trabajo entre el presidente de nuestra Comuna Juan Lell y la nueva Rectora de la Escuela Secundaria N18 Juan L&hellip;<\/p>\n","protected":false},"author":2,"featured_media":2022,"comment_status":"open","ping_status":"open","sticky":false,"template":"","format":"standard","meta":{"_lmt_disableupdate":"","_lmt_disable":"","footnotes":""},"categories":[10],"tags":[39,70],"class_list":["post-2021","post","type-post","status-publish","format-standard","has-post-thumbnail","hentry","category-noticias","tag-cultura","tag-educacion"],"_links":{"self":[{"href":"https:\/\/spatzenkutter.gob.ar\/%77%70%2d%6a%73%6f%6e\/wp\/v2\/posts\/2021","targetHints":{"allow":["GET"]}}],"collection":[{"href":"https:\/\/spatzenkutter.gob.ar\/%77%70%2d%6a%73%6f%6e\/wp\/v2\/posts"}],"about":[{"href":"https:\/\/spatzenkutter.gob.ar\/%77%70%2d%6a%73%6f%6e\/wp\/v2\/types\/post"}],"author":[{"embeddable":true,"href":"https:\/\/spatzenkutter.gob.ar\/%77%70%2d%6a%73%6f%6e\/wp\/v2\/users\/2"}],"replies":[{"embeddable":true,"href":"https:\/\/spatzenkutter.gob.ar\/%77%70%2d%6a%73%6f%6e\/wp\/v2\/comments?post=2021"}],"version-history":[{"count":1,"href":"https:\/\/spatzenkutter.gob.ar\/%77%70%2d%6a%73%6f%6e\/wp\/v2\/posts\/2021\/revisions"}],"predecessor-version":[{"id":2024,"href":"https:\/\/spatzenkutter.gob.ar\/%77%70%2d%6a%73%6f%6e\/wp\/v2\/posts\/2021\/revisions\/2024"}],"wp:featuredmedia":[{"embeddable":true,"href":"https:\/\/spatzenkutter.gob.ar\/%77%70%2d%6a%73%6f%6e\/wp\/v2\/media\/2022"}],"wp:attachment":[{"href":"https:\/\/spatzenkutter.gob.ar\/%77%70%2d%6a%73%6f%6e\/wp\/v2\/media?parent=2021"}],"wp:term":[{"taxonomy":"category","embeddable":true,"href":"https:\/\/spatzenkutter.gob.ar\/%77%70%2d%6a%73%6f%6e\/wp\/v2\/categories?post=2021"},{"taxonomy":"post_tag","embeddable":true,"href":"https:\/\/spatzenkutter.gob.ar\/%77%70%2d%6a%73%6f%6e\/wp\/v2\/tags?post=2021"}],"curies":[{"name":"wp","href":"https:\/\/api.w.org\/{rel}","templated":true}]}}