{"id":2025,"date":"2024-02-28T19:50:13","date_gmt":"2024-02-28T19:50:13","guid":{"rendered":"https:\/\/spatzenkutter.gob.ar\/?p=2025"},"modified":"2024-02-28T19:50:13","modified_gmt":"2024-02-28T19:50:13","slug":"sumamos-tendido-electrico","status":"publish","type":"post","link":"https:\/\/spatzenkutter.gob.ar\/sumamos-tendido-electrico\/","title":{"rendered":"Sumamos tendido el\u00e9ctrico"},"content":{"rendered":"<p>La obra de tendido el\u00e9ctrico sobre calle Padre Keiner fue gestionada por nuestra Comuna ante la Secretar\u00eda de Energ\u00eda de la Provincia y es ejecutada ahora por ENERSA.<\/p>\n<p>Es otro d\u00eda hist\u00f3rico para nuestra hermosa aldea y nuestros queridos Vecinos. Es una gesti\u00f3n que llev\u00f3 mucho tiempo y esfuerzo y hoy es realidad, dio sus frutos.<\/p>\n<p>Apostamos al trabajo con obras que dignifican y por eso Spatzenkutter avanza.<\/p>\n","protected":false},"excerpt":{"rendered":"<p>La obra de tendido el\u00e9ctrico sobre calle Padre Keiner fue gestionada por nuestra Comuna ante la Secretar\u00eda de Energ\u00eda de la Provincia y es ejecutada ahora por ENERSA. Es otro&hellip;<\/p>\n","protected":false},"author":2,"featured_media":2026,"comment_status":"open","ping_status":"open","sticky":false,"template":"","format":"standard","meta":{"_lmt_disableupdate":"","_lmt_disable":"","footnotes":""},"categories":[10],"tags":[71],"class_list":["post-2025","post","type-post","status-publish","format-standard","has-post-thumbnail","hentry","category-noticias","tag-tendido-electrico"],"_links":{"self":[{"href":"https:\/\/spatzenkutter.gob.ar\/%77%70%2d%6a%73%6f%6e\/wp\/v2\/posts\/2025","targetHints":{"allow":["GET"]}}],"collection":[{"href":"https:\/\/spatzenkutter.gob.ar\/%77%70%2d%6a%73%6f%6e\/wp\/v2\/posts"}],"about":[{"href":"https:\/\/spatzenkutter.gob.ar\/%77%70%2d%6a%73%6f%6e\/wp\/v2\/types\/post"}],"author":[{"embeddable":true,"href":"https:\/\/spatzenkutter.gob.ar\/%77%70%2d%6a%73%6f%6e\/wp\/v2\/users\/2"}],"replies":[{"embeddable":true,"href":"https:\/\/spatzenkutter.gob.ar\/%77%70%2d%6a%73%6f%6e\/wp\/v2\/comments?post=2025"}],"version-history":[{"count":1,"href":"https:\/\/spatzenkutter.gob.ar\/%77%70%2d%6a%73%6f%6e\/wp\/v2\/posts\/2025\/revisions"}],"predecessor-version":[{"id":2027,"href":"https:\/\/spatzenkutter.gob.ar\/%77%70%2d%6a%73%6f%6e\/wp\/v2\/posts\/2025\/revisions\/2027"}],"wp:featuredmedia":[{"embeddable":true,"href":"https:\/\/spatzenkutter.gob.ar\/%77%70%2d%6a%73%6f%6e\/wp\/v2\/media\/2026"}],"wp:attachment":[{"href":"https:\/\/spatzenkutter.gob.ar\/%77%70%2d%6a%73%6f%6e\/wp\/v2\/media?parent=2025"}],"wp:term":[{"taxonomy":"category","embeddable":true,"href":"https:\/\/spatzenkutter.gob.ar\/%77%70%2d%6a%73%6f%6e\/wp\/v2\/categories?post=2025"},{"taxonomy":"post_tag","embeddable":true,"href":"https:\/\/spatzenkutter.gob.ar\/%77%70%2d%6a%73%6f%6e\/wp\/v2\/tags?post=2025"}],"curies":[{"name":"wp","href":"https:\/\/api.w.org\/{rel}","templated":true}]}}