{"id":2029,"date":"2024-03-04T20:18:33","date_gmt":"2024-03-04T20:18:33","guid":{"rendered":"https:\/\/spatzenkutter.gob.ar\/?p=2029"},"modified":"2024-03-04T20:18:33","modified_gmt":"2024-03-04T20:18:33","slug":"avanza-la-obra-de-tendido-electrico-en-calle-padre-keiner","status":"publish","type":"post","link":"https:\/\/spatzenkutter.gob.ar\/avanza-la-obra-de-tendido-electrico-en-calle-padre-keiner\/","title":{"rendered":"Avanza la obra de tendido el\u00e9ctrico en calle Padre Keiner"},"content":{"rendered":"<p>La semana anterior desde la Comuna confirmamos el inicio de los trabajos de tendido el\u00e9ctrico sobre calle Padre Keiner, una obra gestionada ante la Secretar\u00eda de Energ\u00eda de la Provincia, con la ejecuci\u00f3n a cargo de personal de ENERSA.<\/p>\n<p>Este lunes 4 de marzo comenzaron los trabajos de tirado del cableado, comenzando en Avenida Campo Mar\u00eda y continuando por calle Keiner hasta el final de esta arteria.<\/p>\n","protected":false},"excerpt":{"rendered":"<p>La semana anterior desde la Comuna confirmamos el inicio de los trabajos de tendido el\u00e9ctrico sobre calle Padre Keiner, una obra gestionada ante la Secretar\u00eda de Energ\u00eda de la Provincia,&hellip;<\/p>\n","protected":false},"author":2,"featured_media":2030,"comment_status":"open","ping_status":"open","sticky":false,"template":"","format":"standard","meta":{"_lmt_disableupdate":"","_lmt_disable":"","footnotes":""},"categories":[10],"tags":[40],"class_list":["post-2029","post","type-post","status-publish","format-standard","has-post-thumbnail","hentry","category-noticias","tag-spatzenkutter"],"_links":{"self":[{"href":"https:\/\/spatzenkutter.gob.ar\/%77%70%2d%6a%73%6f%6e\/wp\/v2\/posts\/2029","targetHints":{"allow":["GET"]}}],"collection":[{"href":"https:\/\/spatzenkutter.gob.ar\/%77%70%2d%6a%73%6f%6e\/wp\/v2\/posts"}],"about":[{"href":"https:\/\/spatzenkutter.gob.ar\/%77%70%2d%6a%73%6f%6e\/wp\/v2\/types\/post"}],"author":[{"embeddable":true,"href":"https:\/\/spatzenkutter.gob.ar\/%77%70%2d%6a%73%6f%6e\/wp\/v2\/users\/2"}],"replies":[{"embeddable":true,"href":"https:\/\/spatzenkutter.gob.ar\/%77%70%2d%6a%73%6f%6e\/wp\/v2\/comments?post=2029"}],"version-history":[{"count":1,"href":"https:\/\/spatzenkutter.gob.ar\/%77%70%2d%6a%73%6f%6e\/wp\/v2\/posts\/2029\/revisions"}],"predecessor-version":[{"id":2031,"href":"https:\/\/spatzenkutter.gob.ar\/%77%70%2d%6a%73%6f%6e\/wp\/v2\/posts\/2029\/revisions\/2031"}],"wp:featuredmedia":[{"embeddable":true,"href":"https:\/\/spatzenkutter.gob.ar\/%77%70%2d%6a%73%6f%6e\/wp\/v2\/media\/2030"}],"wp:attachment":[{"href":"https:\/\/spatzenkutter.gob.ar\/%77%70%2d%6a%73%6f%6e\/wp\/v2\/media?parent=2029"}],"wp:term":[{"taxonomy":"category","embeddable":true,"href":"https:\/\/spatzenkutter.gob.ar\/%77%70%2d%6a%73%6f%6e\/wp\/v2\/categories?post=2029"},{"taxonomy":"post_tag","embeddable":true,"href":"https:\/\/spatzenkutter.gob.ar\/%77%70%2d%6a%73%6f%6e\/wp\/v2\/tags?post=2029"}],"curies":[{"name":"wp","href":"https:\/\/api.w.org\/{rel}","templated":true}]}}