{"id":2032,"date":"2024-03-05T20:37:01","date_gmt":"2024-03-05T20:37:01","guid":{"rendered":"https:\/\/spatzenkutter.gob.ar\/?p=2032"},"modified":"2024-03-05T20:37:01","modified_gmt":"2024-03-05T20:37:01","slug":"avanzan-las-gestiones-por-el-nuevo-destacamento-policial","status":"publish","type":"post","link":"https:\/\/spatzenkutter.gob.ar\/avanzan-las-gestiones-por-el-nuevo-destacamento-policial\/","title":{"rendered":"Avanzan las gestiones por el nuevo Destacamento Policial"},"content":{"rendered":"<p>El martes 5 de marzo se llev\u00f3 a cabo una reuni\u00f3n en Diamante, de la que particip\u00f3 el presidente de nuestra Comuna Juan Lell junto al Jefe de Polic\u00eda Departamental, Comisario Mayor Esteban Allegrini.<\/p>\n<p>Se abord\u00f3 como tema principal la gesti\u00f3n que se viene llevando adelante desde nuestra Comuna para la instalaci\u00f3n del nuevo Destacamento Policial en Spatzenkutter.<\/p>\n<p>Se sum\u00f3 al encuentro personal del \u00c1rea de Arquitectura de la Polic\u00eda de Entre R\u00edos.<\/p>\n<p>Seguimos gestionado obras por el bien de nuestra gente.<\/p>\n","protected":false},"excerpt":{"rendered":"<p>El martes 5 de marzo se llev\u00f3 a cabo una reuni\u00f3n en Diamante, de la que particip\u00f3 el presidente de nuestra Comuna Juan Lell junto al Jefe de Polic\u00eda Departamental,&hellip;<\/p>\n","protected":false},"author":2,"featured_media":2033,"comment_status":"open","ping_status":"open","sticky":false,"template":"","format":"standard","meta":{"_lmt_disableupdate":"","_lmt_disable":"","footnotes":""},"categories":[10],"tags":[60],"class_list":["post-2032","post","type-post","status-publish","format-standard","has-post-thumbnail","hentry","category-noticias","tag-seguridad"],"_links":{"self":[{"href":"https:\/\/spatzenkutter.gob.ar\/%77%70%2d%6a%73%6f%6e\/wp\/v2\/posts\/2032","targetHints":{"allow":["GET"]}}],"collection":[{"href":"https:\/\/spatzenkutter.gob.ar\/%77%70%2d%6a%73%6f%6e\/wp\/v2\/posts"}],"about":[{"href":"https:\/\/spatzenkutter.gob.ar\/%77%70%2d%6a%73%6f%6e\/wp\/v2\/types\/post"}],"author":[{"embeddable":true,"href":"https:\/\/spatzenkutter.gob.ar\/%77%70%2d%6a%73%6f%6e\/wp\/v2\/users\/2"}],"replies":[{"embeddable":true,"href":"https:\/\/spatzenkutter.gob.ar\/%77%70%2d%6a%73%6f%6e\/wp\/v2\/comments?post=2032"}],"version-history":[{"count":1,"href":"https:\/\/spatzenkutter.gob.ar\/%77%70%2d%6a%73%6f%6e\/wp\/v2\/posts\/2032\/revisions"}],"predecessor-version":[{"id":2034,"href":"https:\/\/spatzenkutter.gob.ar\/%77%70%2d%6a%73%6f%6e\/wp\/v2\/posts\/2032\/revisions\/2034"}],"wp:featuredmedia":[{"embeddable":true,"href":"https:\/\/spatzenkutter.gob.ar\/%77%70%2d%6a%73%6f%6e\/wp\/v2\/media\/2033"}],"wp:attachment":[{"href":"https:\/\/spatzenkutter.gob.ar\/%77%70%2d%6a%73%6f%6e\/wp\/v2\/media?parent=2032"}],"wp:term":[{"taxonomy":"category","embeddable":true,"href":"https:\/\/spatzenkutter.gob.ar\/%77%70%2d%6a%73%6f%6e\/wp\/v2\/categories?post=2032"},{"taxonomy":"post_tag","embeddable":true,"href":"https:\/\/spatzenkutter.gob.ar\/%77%70%2d%6a%73%6f%6e\/wp\/v2\/tags?post=2032"}],"curies":[{"name":"wp","href":"https:\/\/api.w.org\/{rel}","templated":true}]}}