{"id":2035,"date":"2024-03-06T20:34:50","date_gmt":"2024-03-06T20:34:50","guid":{"rendered":"https:\/\/spatzenkutter.gob.ar\/?p=2035"},"modified":"2024-03-06T20:34:50","modified_gmt":"2024-03-06T20:34:50","slug":"no-nos-detenemos","status":"publish","type":"post","link":"https:\/\/spatzenkutter.gob.ar\/no-nos-detenemos\/","title":{"rendered":"No nos detenemos"},"content":{"rendered":"<p>Avanzan los trabajos en nuestra Casa de Cultura Marienfeld, una verdadera casita t\u00edpica Alemana del Volga. Con sus 136 a\u00f1os encima, es una de las primeras edificaciones de nuestra aldea, todav\u00eda en pie. Fue testigo del paso del tiempo.<\/p>\n<p>Construida en adobe por nuestros abuelos inmigrantes, hoy cumple un rol fundamental de biblioteca y sala de capacitaciones, con todas las comodidades necesarias, en un hermoso espacio de armon\u00eda.<\/p>\n<p><strong>\u00a0<\/strong><\/p>\n<p><strong>\u00a0<\/strong><\/p>\n<p><strong>Donaci\u00f3n pict\u00f3rica <\/strong><\/p>\n<p>El viernes 1\u00ba de marzo nuestra Comuna recibi\u00f3 la donaci\u00f3n de la obra de arte \u201cSonata en el Mar\u201d realizada sobre \u00f3leo por la artista Dra. Lision Mar\u00eda Cristina Cassaniti. Rinde homenaje a los valientes soldados argentinos que perdieron la vida en el ataque al ARA Crucero General Belgrano y es expuesta en el Museo Nuestras Ra\u00edces Alemanas. Junto a la pintura hay otra obra en la cual mediante un c\u00f3digo QR se puede escuchar la sonata en piano.<\/p>\n<p>&nbsp;<\/p>\n<p><img fetchpriority=\"high\" decoding=\"async\" class=\"alignnone size-large wp-image-2037\" src=\"https:\/\/spatzenkutter.gob.ar\/%77%70%2d%63%6f%6e%74%65%6e%74\/uploads\/2024\/03\/Spatzenkutter-donacion-cuadro-792x1024.jpg\" alt=\"\" width=\"792\" height=\"1024\" srcset=\"https:\/\/spatzenkutter.gob.ar\/%77%70%2d%63%6f%6e%74%65%6e%74\/uploads\/2024\/03\/Spatzenkutter-donacion-cuadro-792x1024.jpg 792w, https:\/\/spatzenkutter.gob.ar\/%77%70%2d%63%6f%6e%74%65%6e%74\/uploads\/2024\/03\/Spatzenkutter-donacion-cuadro-232x300.jpg 232w, https:\/\/spatzenkutter.gob.ar\/%77%70%2d%63%6f%6e%74%65%6e%74\/uploads\/2024\/03\/Spatzenkutter-donacion-cuadro-768x994.jpg 768w, https:\/\/spatzenkutter.gob.ar\/%77%70%2d%63%6f%6e%74%65%6e%74\/uploads\/2024\/03\/Spatzenkutter-donacion-cuadro-585x757.jpg 585w, https:\/\/spatzenkutter.gob.ar\/%77%70%2d%63%6f%6e%74%65%6e%74\/uploads\/2024\/03\/Spatzenkutter-donacion-cuadro.jpg 1134w\" sizes=\"(max-width: 792px) 100vw, 792px\" \/><\/p>\n<p><strong>\u00a0<\/strong><\/p>\n<p><strong>Museo Nuestras Ra\u00edces Alemanas<\/strong><\/p>\n<p>A partir de marzo el Museo Nuestras Ra\u00edces Alemanas cambi\u00f3 su d\u00eda y horario de apertura, el cual correspond\u00eda a la temporada de verano y vacaciones. Durante el a\u00f1o abre los domingos de 15.00 a 18.00<\/p>\n<p>Los que deseen visitarlo en otro momento deber\u00e1n comunicarse al 3435342257 o a las redes sociales del museo, Facebook e Instagram \u2018Museo Nuestras Ra\u00edces Alemanas\u2019.<\/p>\n<p>En relaci\u00f3n a horarios de apertura de la oficina comunal y el Entre R\u00edos Servicios, a partir de ahora la atenci\u00f3n es de 7:30 a 12:30<\/p>\n<p>&nbsp;<\/p>\n<p><strong>\u00a0<\/strong><\/p>\n<p><strong>Acto de Malvinas<\/strong><\/p>\n<p>Estamos ultimando detalles para el acto de homenaje a la Gesta de Malvinas, bajo la denominaci\u00f3n \u201cMalvinas, la causa que nos une\u201d, que se viene realizando desde 2017. En esta oportunidad la fecha prevista es el viernes 5 de abril. Fueron invitadas Fuerzas Armadas y de Seguridad, adem\u00e1s de instituciones educativas de la zona. Contaremos con la presencia de veteranos de guerra de la zona.<\/p>\n","protected":false},"excerpt":{"rendered":"<p>Avanzan los trabajos en nuestra Casa de Cultura Marienfeld, una verdadera casita t\u00edpica Alemana del Volga. Con sus 136 a\u00f1os encima, es una de las primeras edificaciones de nuestra aldea,&hellip;<\/p>\n","protected":false},"author":2,"featured_media":2036,"comment_status":"open","ping_status":"open","sticky":false,"template":"","format":"standard","meta":{"_lmt_disableupdate":"","_lmt_disable":"","footnotes":""},"categories":[10],"tags":[40],"class_list":["post-2035","post","type-post","status-publish","format-standard","has-post-thumbnail","hentry","category-noticias","tag-spatzenkutter"],"_links":{"self":[{"href":"https:\/\/spatzenkutter.gob.ar\/%77%70%2d%6a%73%6f%6e\/wp\/v2\/posts\/2035","targetHints":{"allow":["GET"]}}],"collection":[{"href":"https:\/\/spatzenkutter.gob.ar\/%77%70%2d%6a%73%6f%6e\/wp\/v2\/posts"}],"about":[{"href":"https:\/\/spatzenkutter.gob.ar\/%77%70%2d%6a%73%6f%6e\/wp\/v2\/types\/post"}],"author":[{"embeddable":true,"href":"https:\/\/spatzenkutter.gob.ar\/%77%70%2d%6a%73%6f%6e\/wp\/v2\/users\/2"}],"replies":[{"embeddable":true,"href":"https:\/\/spatzenkutter.gob.ar\/%77%70%2d%6a%73%6f%6e\/wp\/v2\/comments?post=2035"}],"version-history":[{"count":1,"href":"https:\/\/spatzenkutter.gob.ar\/%77%70%2d%6a%73%6f%6e\/wp\/v2\/posts\/2035\/revisions"}],"predecessor-version":[{"id":2038,"href":"https:\/\/spatzenkutter.gob.ar\/%77%70%2d%6a%73%6f%6e\/wp\/v2\/posts\/2035\/revisions\/2038"}],"wp:featuredmedia":[{"embeddable":true,"href":"https:\/\/spatzenkutter.gob.ar\/%77%70%2d%6a%73%6f%6e\/wp\/v2\/media\/2036"}],"wp:attachment":[{"href":"https:\/\/spatzenkutter.gob.ar\/%77%70%2d%6a%73%6f%6e\/wp\/v2\/media?parent=2035"}],"wp:term":[{"taxonomy":"category","embeddable":true,"href":"https:\/\/spatzenkutter.gob.ar\/%77%70%2d%6a%73%6f%6e\/wp\/v2\/categories?post=2035"},{"taxonomy":"post_tag","embeddable":true,"href":"https:\/\/spatzenkutter.gob.ar\/%77%70%2d%6a%73%6f%6e\/wp\/v2\/tags?post=2035"}],"curies":[{"name":"wp","href":"https:\/\/api.w.org\/{rel}","templated":true}]}}