{"id":2054,"date":"2024-03-07T13:28:00","date_gmt":"2024-03-07T13:28:00","guid":{"rendered":"https:\/\/spatzenkutter.gob.ar\/?p=2054"},"modified":"2024-03-07T13:28:00","modified_gmt":"2024-03-07T13:28:00","slug":"cultura-en-nuestra-agenda","status":"publish","type":"post","link":"https:\/\/spatzenkutter.gob.ar\/cultura-en-nuestra-agenda\/","title":{"rendered":"Cultura en nuestra agenda"},"content":{"rendered":"<p>Nuestra Comuna sigue sumando propuestas culturales.<\/p>\n<p>El nuevo taller, de Iniciaci\u00f3n Musical, espec\u00edficamente de Guitarra y Teclado, se dictar\u00e1 los martes de 17.00 a 20.00 seg\u00fan la edad.<\/p>\n<p>Estar\u00e1 a cargo de la profesora Melina Strauch y comenzar\u00e1 en abril.<\/p>\n<p>Se desarrollar\u00e1 en nuestra Casa de la Cultura y es totalmente gratuito.<\/p>\n<p>Pod\u00e9s pedir m\u00e1s informaci\u00f3n al WhatsApp 3434662599.<\/p>\n","protected":false},"excerpt":{"rendered":"<p>Nuestra Comuna sigue sumando propuestas culturales. El nuevo taller, de Iniciaci\u00f3n Musical, espec\u00edficamente de Guitarra y Teclado, se dictar\u00e1 los martes de 17.00 a 20.00 seg\u00fan la edad. Estar\u00e1 a&hellip;<\/p>\n","protected":false},"author":2,"featured_media":2055,"comment_status":"open","ping_status":"open","sticky":false,"template":"","format":"standard","meta":{"_lmt_disableupdate":"","_lmt_disable":"","footnotes":""},"categories":[10],"tags":[39],"class_list":["post-2054","post","type-post","status-publish","format-standard","has-post-thumbnail","hentry","category-noticias","tag-cultura"],"_links":{"self":[{"href":"https:\/\/spatzenkutter.gob.ar\/%77%70%2d%6a%73%6f%6e\/wp\/v2\/posts\/2054","targetHints":{"allow":["GET"]}}],"collection":[{"href":"https:\/\/spatzenkutter.gob.ar\/%77%70%2d%6a%73%6f%6e\/wp\/v2\/posts"}],"about":[{"href":"https:\/\/spatzenkutter.gob.ar\/%77%70%2d%6a%73%6f%6e\/wp\/v2\/types\/post"}],"author":[{"embeddable":true,"href":"https:\/\/spatzenkutter.gob.ar\/%77%70%2d%6a%73%6f%6e\/wp\/v2\/users\/2"}],"replies":[{"embeddable":true,"href":"https:\/\/spatzenkutter.gob.ar\/%77%70%2d%6a%73%6f%6e\/wp\/v2\/comments?post=2054"}],"version-history":[{"count":1,"href":"https:\/\/spatzenkutter.gob.ar\/%77%70%2d%6a%73%6f%6e\/wp\/v2\/posts\/2054\/revisions"}],"predecessor-version":[{"id":2057,"href":"https:\/\/spatzenkutter.gob.ar\/%77%70%2d%6a%73%6f%6e\/wp\/v2\/posts\/2054\/revisions\/2057"}],"wp:featuredmedia":[{"embeddable":true,"href":"https:\/\/spatzenkutter.gob.ar\/%77%70%2d%6a%73%6f%6e\/wp\/v2\/media\/2055"}],"wp:attachment":[{"href":"https:\/\/spatzenkutter.gob.ar\/%77%70%2d%6a%73%6f%6e\/wp\/v2\/media?parent=2054"}],"wp:term":[{"taxonomy":"category","embeddable":true,"href":"https:\/\/spatzenkutter.gob.ar\/%77%70%2d%6a%73%6f%6e\/wp\/v2\/categories?post=2054"},{"taxonomy":"post_tag","embeddable":true,"href":"https:\/\/spatzenkutter.gob.ar\/%77%70%2d%6a%73%6f%6e\/wp\/v2\/tags?post=2054"}],"curies":[{"name":"wp","href":"https:\/\/api.w.org\/{rel}","templated":true}]}}