{"id":2058,"date":"2024-03-07T15:11:15","date_gmt":"2024-03-07T15:11:15","guid":{"rendered":"https:\/\/spatzenkutter.gob.ar\/?p=2058"},"modified":"2024-03-07T15:11:15","modified_gmt":"2024-03-07T15:11:15","slug":"una-obra-que-transforma-y-dignifica","status":"publish","type":"post","link":"https:\/\/spatzenkutter.gob.ar\/una-obra-que-transforma-y-dignifica\/","title":{"rendered":"Una obra que transforma y dignifica"},"content":{"rendered":"<p>Una de las obras m\u00e1s importantes y relevantes de los \u00faltimos tiempos para nuestra aldea es el tendido trif\u00e1sico de m\u00e1s de 750 metros desde el transformador 2, situado en Av. Alemanes del Volga, hasta el ingreso al cementerio local, sobre calle Padre Keiner, que ahora ya cuenta con energ\u00eda.<\/p>\n<p>Fue una obra que gestionamos, despu\u00e9s de muchos a\u00f1os de relevamientos, idas y venidas. Hoy esta obra es una realidad, dignificando a vecinos que residen en esta zona.<\/p>\n<p>Agradecemos a Noelia Zapata, Secretaria de Energ\u00eda de Entre R\u00edos; a Maximiliano Burgos de ENERSA y a los operadores de la empresa contratista que fueron quienes realizaron esta hist\u00f3rica obra.<\/p>\n<p>Despu\u00e9s de 146 a\u00f1os llegar\u00e1 la energ\u00eda el\u00e9ctrica al primer Cementerio Alem\u00e1n del Volga de la Provincia, declarado Sitio Hist\u00f3rico de Entre R\u00edos. Por eso decimos que son obras que transforman a Spatzenkutter y que somos una aldea que no para.<\/p>\n","protected":false},"excerpt":{"rendered":"<p>Una de las obras m\u00e1s importantes y relevantes de los \u00faltimos tiempos para nuestra aldea es el tendido trif\u00e1sico de m\u00e1s de 750 metros desde el transformador 2, situado en&hellip;<\/p>\n","protected":false},"author":2,"featured_media":2060,"comment_status":"open","ping_status":"open","sticky":false,"template":"","format":"standard","meta":{"_lmt_disableupdate":"","_lmt_disable":"","footnotes":""},"categories":[10],"tags":[72],"class_list":["post-2058","post","type-post","status-publish","format-standard","has-post-thumbnail","hentry","category-noticias","tag-energia"],"_links":{"self":[{"href":"https:\/\/spatzenkutter.gob.ar\/%77%70%2d%6a%73%6f%6e\/wp\/v2\/posts\/2058","targetHints":{"allow":["GET"]}}],"collection":[{"href":"https:\/\/spatzenkutter.gob.ar\/%77%70%2d%6a%73%6f%6e\/wp\/v2\/posts"}],"about":[{"href":"https:\/\/spatzenkutter.gob.ar\/%77%70%2d%6a%73%6f%6e\/wp\/v2\/types\/post"}],"author":[{"embeddable":true,"href":"https:\/\/spatzenkutter.gob.ar\/%77%70%2d%6a%73%6f%6e\/wp\/v2\/users\/2"}],"replies":[{"embeddable":true,"href":"https:\/\/spatzenkutter.gob.ar\/%77%70%2d%6a%73%6f%6e\/wp\/v2\/comments?post=2058"}],"version-history":[{"count":1,"href":"https:\/\/spatzenkutter.gob.ar\/%77%70%2d%6a%73%6f%6e\/wp\/v2\/posts\/2058\/revisions"}],"predecessor-version":[{"id":2061,"href":"https:\/\/spatzenkutter.gob.ar\/%77%70%2d%6a%73%6f%6e\/wp\/v2\/posts\/2058\/revisions\/2061"}],"wp:featuredmedia":[{"embeddable":true,"href":"https:\/\/spatzenkutter.gob.ar\/%77%70%2d%6a%73%6f%6e\/wp\/v2\/media\/2060"}],"wp:attachment":[{"href":"https:\/\/spatzenkutter.gob.ar\/%77%70%2d%6a%73%6f%6e\/wp\/v2\/media?parent=2058"}],"wp:term":[{"taxonomy":"category","embeddable":true,"href":"https:\/\/spatzenkutter.gob.ar\/%77%70%2d%6a%73%6f%6e\/wp\/v2\/categories?post=2058"},{"taxonomy":"post_tag","embeddable":true,"href":"https:\/\/spatzenkutter.gob.ar\/%77%70%2d%6a%73%6f%6e\/wp\/v2\/tags?post=2058"}],"curies":[{"name":"wp","href":"https:\/\/api.w.org\/{rel}","templated":true}]}}