{"id":2115,"date":"2024-03-11T19:53:06","date_gmt":"2024-03-11T19:53:06","guid":{"rendered":"https:\/\/spatzenkutter.gob.ar\/?p=2115"},"modified":"2024-03-11T19:53:06","modified_gmt":"2024-03-11T19:53:06","slug":"en-spatzenkutter-malvinas-une","status":"publish","type":"post","link":"https:\/\/spatzenkutter.gob.ar\/en-spatzenkutter-malvinas-une\/","title":{"rendered":"En Spatzenkutter Malvinas Une"},"content":{"rendered":"<p><strong>Informamos a la comunidad que el viernes 5 de abril en Plaza Libertad, sobre Avenida Alemanes del Volga, desde las 8.30, se llevar\u00e1 a cabo la propuesta denominada \u201cMalvinas, la causa que nos une\u201d, a 42 a\u00f1os de la Gesta de Malvinas.<\/strong><\/p>\n<p>&nbsp;<\/p>\n<p>Desde las 8.30 se ofrecer\u00e1 un desayuno de la Cocina de Campa\u00f1a de la B.A.L. Paran\u00e1 del Ej\u00e9rcito y a las 9.30 se propone el Acto de Recordaci\u00f3n por el 42do. Aniversario de la Gesta de Malvinas, desfile c\u00edvico-militar y exposici\u00f3n de medios.<\/p>\n<p>Invitamos a la comunidad de Spatzenkutter y la zona a participar.<\/p>\n","protected":false},"excerpt":{"rendered":"<p>Informamos a la comunidad que el viernes 5 de abril en Plaza Libertad, sobre Avenida Alemanes del Volga, desde las 8.30, se llevar\u00e1 a cabo la propuesta denominada \u201cMalvinas, la&hellip;<\/p>\n","protected":false},"author":2,"featured_media":2116,"comment_status":"open","ping_status":"open","sticky":false,"template":"","format":"standard","meta":{"_lmt_disableupdate":"","_lmt_disable":"","footnotes":""},"categories":[10],"tags":[43],"class_list":["post-2115","post","type-post","status-publish","format-standard","has-post-thumbnail","hentry","category-noticias","tag-malvinas"],"_links":{"self":[{"href":"https:\/\/spatzenkutter.gob.ar\/%77%70%2d%6a%73%6f%6e\/wp\/v2\/posts\/2115","targetHints":{"allow":["GET"]}}],"collection":[{"href":"https:\/\/spatzenkutter.gob.ar\/%77%70%2d%6a%73%6f%6e\/wp\/v2\/posts"}],"about":[{"href":"https:\/\/spatzenkutter.gob.ar\/%77%70%2d%6a%73%6f%6e\/wp\/v2\/types\/post"}],"author":[{"embeddable":true,"href":"https:\/\/spatzenkutter.gob.ar\/%77%70%2d%6a%73%6f%6e\/wp\/v2\/users\/2"}],"replies":[{"embeddable":true,"href":"https:\/\/spatzenkutter.gob.ar\/%77%70%2d%6a%73%6f%6e\/wp\/v2\/comments?post=2115"}],"version-history":[{"count":1,"href":"https:\/\/spatzenkutter.gob.ar\/%77%70%2d%6a%73%6f%6e\/wp\/v2\/posts\/2115\/revisions"}],"predecessor-version":[{"id":2117,"href":"https:\/\/spatzenkutter.gob.ar\/%77%70%2d%6a%73%6f%6e\/wp\/v2\/posts\/2115\/revisions\/2117"}],"wp:featuredmedia":[{"embeddable":true,"href":"https:\/\/spatzenkutter.gob.ar\/%77%70%2d%6a%73%6f%6e\/wp\/v2\/media\/2116"}],"wp:attachment":[{"href":"https:\/\/spatzenkutter.gob.ar\/%77%70%2d%6a%73%6f%6e\/wp\/v2\/media?parent=2115"}],"wp:term":[{"taxonomy":"category","embeddable":true,"href":"https:\/\/spatzenkutter.gob.ar\/%77%70%2d%6a%73%6f%6e\/wp\/v2\/categories?post=2115"},{"taxonomy":"post_tag","embeddable":true,"href":"https:\/\/spatzenkutter.gob.ar\/%77%70%2d%6a%73%6f%6e\/wp\/v2\/tags?post=2115"}],"curies":[{"name":"wp","href":"https:\/\/api.w.org\/{rel}","templated":true}]}}