{"id":2128,"date":"2024-03-21T20:14:17","date_gmt":"2024-03-21T20:14:17","guid":{"rendered":"https:\/\/spatzenkutter.gob.ar\/?p=2128"},"modified":"2024-03-21T20:14:17","modified_gmt":"2024-03-21T20:14:17","slug":"semillas-pro-huerta-y-mantenimiento-de-espacios-publicos","status":"publish","type":"post","link":"https:\/\/spatzenkutter.gob.ar\/semillas-pro-huerta-y-mantenimiento-de-espacios-publicos\/","title":{"rendered":"Semillas Pro Huerta y mantenimiento de espacios p\u00fablicos"},"content":{"rendered":"<p>Informamos que est\u00e1n a disposici\u00f3n las Semillas del plan Pro Huerta correspondientes a la campa\u00f1a oto\u00f1o-invierno, en las oficinas de nuestra Comuna.<\/p>\n<p><img fetchpriority=\"high\" decoding=\"async\" class=\"alignnone size-full wp-image-2130\" src=\"https:\/\/spatzenkutter.gob.ar\/%77%70%2d%63%6f%6e%74%65%6e%74\/uploads\/2024\/03\/434021771_831453519023275_8779426243601745585_n.jpg\" alt=\"\" width=\"720\" height=\"960\" srcset=\"https:\/\/spatzenkutter.gob.ar\/%77%70%2d%63%6f%6e%74%65%6e%74\/uploads\/2024\/03\/434021771_831453519023275_8779426243601745585_n.jpg 720w, https:\/\/spatzenkutter.gob.ar\/%77%70%2d%63%6f%6e%74%65%6e%74\/uploads\/2024\/03\/434021771_831453519023275_8779426243601745585_n-225x300.jpg 225w, https:\/\/spatzenkutter.gob.ar\/%77%70%2d%63%6f%6e%74%65%6e%74\/uploads\/2024\/03\/434021771_831453519023275_8779426243601745585_n-585x780.jpg 585w\" sizes=\"(max-width: 720px) 100vw, 720px\" \/><\/p>\n<p>Se pueden retirar de forma gratuita de lunes a viernes de 8.00 a 13.00.<\/p>\n<p>Por otro lado, continuamos trabajando en el mantenimiento de los diversos espacios p\u00fablicos de la localidad para que Spatzenkutter se vea cada d\u00eda m\u00e1s linda.<\/p>\n<p><img decoding=\"async\" class=\"alignnone size-full wp-image-2131\" src=\"https:\/\/spatzenkutter.gob.ar\/%77%70%2d%63%6f%6e%74%65%6e%74\/uploads\/2024\/03\/433120929_831451195690174_3990097011934839546_n.jpg\" alt=\"\" width=\"720\" height=\"960\" srcset=\"https:\/\/spatzenkutter.gob.ar\/%77%70%2d%63%6f%6e%74%65%6e%74\/uploads\/2024\/03\/433120929_831451195690174_3990097011934839546_n.jpg 720w, https:\/\/spatzenkutter.gob.ar\/%77%70%2d%63%6f%6e%74%65%6e%74\/uploads\/2024\/03\/433120929_831451195690174_3990097011934839546_n-225x300.jpg 225w, https:\/\/spatzenkutter.gob.ar\/%77%70%2d%63%6f%6e%74%65%6e%74\/uploads\/2024\/03\/433120929_831451195690174_3990097011934839546_n-585x780.jpg 585w\" sizes=\"(max-width: 720px) 100vw, 720px\" \/><\/p>\n","protected":false},"excerpt":{"rendered":"<p>Informamos que est\u00e1n a disposici\u00f3n las Semillas del plan Pro Huerta correspondientes a la campa\u00f1a oto\u00f1o-invierno, en las oficinas de nuestra Comuna. Se pueden retirar de forma gratuita de lunes&hellip;<\/p>\n","protected":false},"author":2,"featured_media":2129,"comment_status":"open","ping_status":"open","sticky":false,"template":"","format":"standard","meta":{"_lmt_disableupdate":"","_lmt_disable":"","footnotes":""},"categories":[10],"tags":[73,27],"class_list":["post-2128","post","type-post","status-publish","format-standard","has-post-thumbnail","hentry","category-noticias","tag-espacios-publicos","tag-pro-huerta"],"_links":{"self":[{"href":"https:\/\/spatzenkutter.gob.ar\/%77%70%2d%6a%73%6f%6e\/wp\/v2\/posts\/2128","targetHints":{"allow":["GET"]}}],"collection":[{"href":"https:\/\/spatzenkutter.gob.ar\/%77%70%2d%6a%73%6f%6e\/wp\/v2\/posts"}],"about":[{"href":"https:\/\/spatzenkutter.gob.ar\/%77%70%2d%6a%73%6f%6e\/wp\/v2\/types\/post"}],"author":[{"embeddable":true,"href":"https:\/\/spatzenkutter.gob.ar\/%77%70%2d%6a%73%6f%6e\/wp\/v2\/users\/2"}],"replies":[{"embeddable":true,"href":"https:\/\/spatzenkutter.gob.ar\/%77%70%2d%6a%73%6f%6e\/wp\/v2\/comments?post=2128"}],"version-history":[{"count":1,"href":"https:\/\/spatzenkutter.gob.ar\/%77%70%2d%6a%73%6f%6e\/wp\/v2\/posts\/2128\/revisions"}],"predecessor-version":[{"id":2132,"href":"https:\/\/spatzenkutter.gob.ar\/%77%70%2d%6a%73%6f%6e\/wp\/v2\/posts\/2128\/revisions\/2132"}],"wp:featuredmedia":[{"embeddable":true,"href":"https:\/\/spatzenkutter.gob.ar\/%77%70%2d%6a%73%6f%6e\/wp\/v2\/media\/2129"}],"wp:attachment":[{"href":"https:\/\/spatzenkutter.gob.ar\/%77%70%2d%6a%73%6f%6e\/wp\/v2\/media?parent=2128"}],"wp:term":[{"taxonomy":"category","embeddable":true,"href":"https:\/\/spatzenkutter.gob.ar\/%77%70%2d%6a%73%6f%6e\/wp\/v2\/categories?post=2128"},{"taxonomy":"post_tag","embeddable":true,"href":"https:\/\/spatzenkutter.gob.ar\/%77%70%2d%6a%73%6f%6e\/wp\/v2\/tags?post=2128"}],"curies":[{"name":"wp","href":"https:\/\/api.w.org\/{rel}","templated":true}]}}