{"id":2133,"date":"2024-03-27T14:12:29","date_gmt":"2024-03-27T14:12:29","guid":{"rendered":"https:\/\/spatzenkutter.gob.ar\/?p=2133"},"modified":"2024-03-27T14:12:29","modified_gmt":"2024-03-27T14:12:29","slug":"spatzenkutter-es-cultura-historia-y-tradicion","status":"publish","type":"post","link":"https:\/\/spatzenkutter.gob.ar\/spatzenkutter-es-cultura-historia-y-tradicion\/","title":{"rendered":"Spatzenkutter es cultura, historia y tradici\u00f3n"},"content":{"rendered":"<p><strong>Interesantes propuestas para nuestra comunidad.<\/strong><\/p>\n<p><strong>\u00a0<\/strong><\/p>\n<p>Nuestra Comuna organiza cursos gratuitos de fotograf\u00eda con celular, los que se dictar\u00e1n en la Casa de la Cultura, estando a cargo de Eliana Correa. Consta de un encuentro semanal de dos horas, los jueves de 18.00 a 20.00, con clases te\u00f3ricas y pr\u00e1cticas, incluyendo apuntes digitales, desde el 11 de abril. La propuesta es gratuita y los cupos limitados. Las inscripciones est\u00e1n abiertas y el tel\u00e9fono de contacto es el 3434543915.<\/p>\n<p>&nbsp;<\/p>\n<p><strong>\u00a0<\/strong><\/p>\n<p><strong>Guitarra y teclado<\/strong><\/p>\n<p>A partir de abril se dictar\u00e1 en la Casa de la Cultura Marienfeld el taller de iniciaci\u00f3n musical, guitarra y teclado. El dictado ser\u00e1 los martes de 17:00 a 20:00 y seg\u00fan la edad de cada interesado tendr\u00e1 un turno diferente dentro de ese rango. Para consultar los turnos y otras dudas se recomienda contactar al 3434662599. El taller estar\u00e1 a cargo de la profesora Melina Strauch y es totalmente gratuito.<\/p>\n<p><strong>\u00a0<\/strong><\/p>\n<p><img fetchpriority=\"high\" decoding=\"async\" class=\"alignnone size-large wp-image-2134\" src=\"https:\/\/spatzenkutter.gob.ar\/%77%70%2d%63%6f%6e%74%65%6e%74\/uploads\/2024\/03\/431738524_825422939626333_6540085317326784863_n-1-1024x1010.jpg\" alt=\"\" width=\"1024\" height=\"1010\" srcset=\"https:\/\/spatzenkutter.gob.ar\/%77%70%2d%63%6f%6e%74%65%6e%74\/uploads\/2024\/03\/431738524_825422939626333_6540085317326784863_n-1-1024x1010.jpg 1024w, https:\/\/spatzenkutter.gob.ar\/%77%70%2d%63%6f%6e%74%65%6e%74\/uploads\/2024\/03\/431738524_825422939626333_6540085317326784863_n-1-300x296.jpg 300w, https:\/\/spatzenkutter.gob.ar\/%77%70%2d%63%6f%6e%74%65%6e%74\/uploads\/2024\/03\/431738524_825422939626333_6540085317326784863_n-1-768x757.jpg 768w, https:\/\/spatzenkutter.gob.ar\/%77%70%2d%63%6f%6e%74%65%6e%74\/uploads\/2024\/03\/431738524_825422939626333_6540085317326784863_n-1-585x577.jpg 585w, https:\/\/spatzenkutter.gob.ar\/%77%70%2d%63%6f%6e%74%65%6e%74\/uploads\/2024\/03\/431738524_825422939626333_6540085317326784863_n-1.jpg 1170w\" sizes=\"(max-width: 1024px) 100vw, 1024px\" \/><\/p>\n<p>&nbsp;<\/p>\n<p><strong>Malvinas une<\/strong><\/p>\n<p>El viernes 5 de abril en Plaza Libertad, sobre Avenida Alemanes del Volga, desde las 8.30, se llevar\u00e1 a cabo la propuesta denominada \u201cMalvinas, la causa que nos une\u201d, a 42 a\u00f1os de la Gesta de Malvinas.<\/p>\n<p>Desde las 8.30 se ofrecer\u00e1 un desayuno de la Cocina de Campa\u00f1a de la B.A.L. Paran\u00e1 del Ej\u00e9rcito y a las 9.30 se propone el Acto de Recordaci\u00f3n por el 42do. Aniversario de la Gesta de Malvinas, desfile c\u00edvico-militar y exposici\u00f3n de medios.<\/p>\n<p>Se invita a la comunidad de Spatzenkutter y la zona a participar.<\/p>\n<p>&nbsp;<\/p>\n","protected":false},"excerpt":{"rendered":"<p>Interesantes propuestas para nuestra comunidad. \u00a0 Nuestra Comuna organiza cursos gratuitos de fotograf\u00eda con celular, los que se dictar\u00e1n en la Casa de la Cultura, estando a cargo de Eliana&hellip;<\/p>\n","protected":false},"author":2,"featured_media":2135,"comment_status":"open","ping_status":"open","sticky":false,"template":"","format":"standard","meta":{"_lmt_disableupdate":"","_lmt_disable":"","footnotes":""},"categories":[10],"tags":[],"class_list":["post-2133","post","type-post","status-publish","format-standard","has-post-thumbnail","hentry","category-noticias"],"_links":{"self":[{"href":"https:\/\/spatzenkutter.gob.ar\/%77%70%2d%6a%73%6f%6e\/wp\/v2\/posts\/2133","targetHints":{"allow":["GET"]}}],"collection":[{"href":"https:\/\/spatzenkutter.gob.ar\/%77%70%2d%6a%73%6f%6e\/wp\/v2\/posts"}],"about":[{"href":"https:\/\/spatzenkutter.gob.ar\/%77%70%2d%6a%73%6f%6e\/wp\/v2\/types\/post"}],"author":[{"embeddable":true,"href":"https:\/\/spatzenkutter.gob.ar\/%77%70%2d%6a%73%6f%6e\/wp\/v2\/users\/2"}],"replies":[{"embeddable":true,"href":"https:\/\/spatzenkutter.gob.ar\/%77%70%2d%6a%73%6f%6e\/wp\/v2\/comments?post=2133"}],"version-history":[{"count":1,"href":"https:\/\/spatzenkutter.gob.ar\/%77%70%2d%6a%73%6f%6e\/wp\/v2\/posts\/2133\/revisions"}],"predecessor-version":[{"id":2136,"href":"https:\/\/spatzenkutter.gob.ar\/%77%70%2d%6a%73%6f%6e\/wp\/v2\/posts\/2133\/revisions\/2136"}],"wp:featuredmedia":[{"embeddable":true,"href":"https:\/\/spatzenkutter.gob.ar\/%77%70%2d%6a%73%6f%6e\/wp\/v2\/media\/2135"}],"wp:attachment":[{"href":"https:\/\/spatzenkutter.gob.ar\/%77%70%2d%6a%73%6f%6e\/wp\/v2\/media?parent=2133"}],"wp:term":[{"taxonomy":"category","embeddable":true,"href":"https:\/\/spatzenkutter.gob.ar\/%77%70%2d%6a%73%6f%6e\/wp\/v2\/categories?post=2133"},{"taxonomy":"post_tag","embeddable":true,"href":"https:\/\/spatzenkutter.gob.ar\/%77%70%2d%6a%73%6f%6e\/wp\/v2\/tags?post=2133"}],"curies":[{"name":"wp","href":"https:\/\/api.w.org\/{rel}","templated":true}]}}