{"id":2138,"date":"2024-04-03T15:46:24","date_gmt":"2024-04-03T15:46:24","guid":{"rendered":"https:\/\/spatzenkutter.gob.ar\/?p=2138"},"modified":"2024-04-03T15:46:24","modified_gmt":"2024-04-03T15:46:24","slug":"sumamos-gestiones-y-propuestas","status":"publish","type":"post","link":"https:\/\/spatzenkutter.gob.ar\/sumamos-gestiones-y-propuestas\/","title":{"rendered":"Sumamos gestiones y propuestas"},"content":{"rendered":"<p>Este mi\u00e9rcoles 3 de abril el presidente de nuestra Comuna Juan Lell se reuni\u00f3 con el Diputado Provincial Lenico Aranda. Dialogaron sobre temas diversos que la Comuna viene llevando adelante con el Gobierno Provincial. Agradecemos al legislador su tiempo y predisposici\u00f3n.<\/p>\n<p>&nbsp;<\/p>\n<p>&nbsp;<\/p>\n<p><strong>Guitarra y teclado<\/strong><\/p>\n<p>Desde abril se dicta en nuestra Casa de la Cultura Marienfeld el taller de iniciaci\u00f3n musical, guitarra y teclado. La propuesta se desarrollar\u00e1 los martes de 17:00 a 20:00 y seg\u00fan la edad de cada interesado tendr\u00e1 un turno diferente dentro de ese rango.<\/p>\n<p>Para consultar los turnos y otras dudas se recomienda contactar al 3434662599. El taller estar\u00e1 a cargo de la profesora Melina Strauch y es totalmente gratuito.<\/p>\n","protected":false},"excerpt":{"rendered":"<p>Este mi\u00e9rcoles 3 de abril el presidente de nuestra Comuna Juan Lell se reuni\u00f3 con el Diputado Provincial Lenico Aranda. Dialogaron sobre temas diversos que la Comuna viene llevando adelante&hellip;<\/p>\n","protected":false},"author":2,"featured_media":2139,"comment_status":"open","ping_status":"open","sticky":false,"template":"","format":"standard","meta":{"_lmt_disableupdate":"","_lmt_disable":"","footnotes":""},"categories":[10],"tags":[],"class_list":["post-2138","post","type-post","status-publish","format-standard","has-post-thumbnail","hentry","category-noticias"],"_links":{"self":[{"href":"https:\/\/spatzenkutter.gob.ar\/%77%70%2d%6a%73%6f%6e\/wp\/v2\/posts\/2138","targetHints":{"allow":["GET"]}}],"collection":[{"href":"https:\/\/spatzenkutter.gob.ar\/%77%70%2d%6a%73%6f%6e\/wp\/v2\/posts"}],"about":[{"href":"https:\/\/spatzenkutter.gob.ar\/%77%70%2d%6a%73%6f%6e\/wp\/v2\/types\/post"}],"author":[{"embeddable":true,"href":"https:\/\/spatzenkutter.gob.ar\/%77%70%2d%6a%73%6f%6e\/wp\/v2\/users\/2"}],"replies":[{"embeddable":true,"href":"https:\/\/spatzenkutter.gob.ar\/%77%70%2d%6a%73%6f%6e\/wp\/v2\/comments?post=2138"}],"version-history":[{"count":1,"href":"https:\/\/spatzenkutter.gob.ar\/%77%70%2d%6a%73%6f%6e\/wp\/v2\/posts\/2138\/revisions"}],"predecessor-version":[{"id":2140,"href":"https:\/\/spatzenkutter.gob.ar\/%77%70%2d%6a%73%6f%6e\/wp\/v2\/posts\/2138\/revisions\/2140"}],"wp:featuredmedia":[{"embeddable":true,"href":"https:\/\/spatzenkutter.gob.ar\/%77%70%2d%6a%73%6f%6e\/wp\/v2\/media\/2139"}],"wp:attachment":[{"href":"https:\/\/spatzenkutter.gob.ar\/%77%70%2d%6a%73%6f%6e\/wp\/v2\/media?parent=2138"}],"wp:term":[{"taxonomy":"category","embeddable":true,"href":"https:\/\/spatzenkutter.gob.ar\/%77%70%2d%6a%73%6f%6e\/wp\/v2\/categories?post=2138"},{"taxonomy":"post_tag","embeddable":true,"href":"https:\/\/spatzenkutter.gob.ar\/%77%70%2d%6a%73%6f%6e\/wp\/v2\/tags?post=2138"}],"curies":[{"name":"wp","href":"https:\/\/api.w.org\/{rel}","templated":true}]}}