{"id":2146,"date":"2024-04-11T20:03:07","date_gmt":"2024-04-11T20:03:07","guid":{"rendered":"https:\/\/spatzenkutter.gob.ar\/?p=2146"},"modified":"2024-04-11T20:03:07","modified_gmt":"2024-04-11T20:03:07","slug":"un-jueves-cargado-de-buenas-noticias","status":"publish","type":"post","link":"https:\/\/spatzenkutter.gob.ar\/un-jueves-cargado-de-buenas-noticias\/","title":{"rendered":"Un jueves cargado de buenas noticias"},"content":{"rendered":"<p>El jueves 11 de abril comenzaron las obras de abovedado, limpieza de banquinas, embrozado, nivelaci\u00f3n y compactado sobre la arteria rural sudeste-oeste de nuestro ejido.<\/p>\n<p>Desde la Comuna agradecemos a DPV Zonal Vl Diamante, al Jefe Zonal Emiliano Chaparro y el Director de DPV Ezequiel Donda por acompa\u00f1ar las gestiones.<\/p>\n<p><img fetchpriority=\"high\" decoding=\"async\" class=\"alignnone size-full wp-image-2148\" src=\"https:\/\/spatzenkutter.gob.ar\/%77%70%2d%63%6f%6e%74%65%6e%74\/uploads\/2024\/04\/435148258_845572440944716_2735841785575519617_n.jpg\" alt=\"\" width=\"720\" height=\"960\" srcset=\"https:\/\/spatzenkutter.gob.ar\/%77%70%2d%63%6f%6e%74%65%6e%74\/uploads\/2024\/04\/435148258_845572440944716_2735841785575519617_n.jpg 720w, https:\/\/spatzenkutter.gob.ar\/%77%70%2d%63%6f%6e%74%65%6e%74\/uploads\/2024\/04\/435148258_845572440944716_2735841785575519617_n-225x300.jpg 225w, https:\/\/spatzenkutter.gob.ar\/%77%70%2d%63%6f%6e%74%65%6e%74\/uploads\/2024\/04\/435148258_845572440944716_2735841785575519617_n-585x780.jpg 585w\" sizes=\"(max-width: 720px) 100vw, 720px\" \/><\/p>\n<p>Se terminaron tambi\u00e9n las bases para iluminar calle Padre Keiner. Si el tiempo acompa\u00f1a este viernes comenzamos a iluminar con LED esta hist\u00f3rica arteria de la aldea.<\/p>\n<p>Una semana llena de buenas noticias, ya que tambi\u00e9n dio inicio el curso de teclado y guitarra a cargo de la profe Mely Strauch, con gran afluencia de alumnos en ambas t\u00e9cnicas musicales.<\/p>\n<p><img decoding=\"async\" class=\"alignnone size-full wp-image-2149\" src=\"https:\/\/spatzenkutter.gob.ar\/%77%70%2d%63%6f%6e%74%65%6e%74\/uploads\/2024\/04\/436768543_844377981064162_3884524159631307690_n.jpg\" alt=\"\" width=\"720\" height=\"866\" srcset=\"https:\/\/spatzenkutter.gob.ar\/%77%70%2d%63%6f%6e%74%65%6e%74\/uploads\/2024\/04\/436768543_844377981064162_3884524159631307690_n.jpg 720w, https:\/\/spatzenkutter.gob.ar\/%77%70%2d%63%6f%6e%74%65%6e%74\/uploads\/2024\/04\/436768543_844377981064162_3884524159631307690_n-249x300.jpg 249w, https:\/\/spatzenkutter.gob.ar\/%77%70%2d%63%6f%6e%74%65%6e%74\/uploads\/2024\/04\/436768543_844377981064162_3884524159631307690_n-585x704.jpg 585w\" sizes=\"(max-width: 720px) 100vw, 720px\" \/><\/p>\n<p>Adem\u00e1s, en los pr\u00f3ximos d\u00edas abre sus puertas nuestra biblioteca Gabriela Mistral, m\u00e1s c\u00f3moda y totalmente renovada.<\/p>\n","protected":false},"excerpt":{"rendered":"<p>El jueves 11 de abril comenzaron las obras de abovedado, limpieza de banquinas, embrozado, nivelaci\u00f3n y compactado sobre la arteria rural sudeste-oeste de nuestro ejido. Desde la Comuna agradecemos a&hellip;<\/p>\n","protected":false},"author":2,"featured_media":2147,"comment_status":"open","ping_status":"open","sticky":false,"template":"","format":"standard","meta":{"_lmt_disableupdate":"","_lmt_disable":"","footnotes":""},"categories":[10],"tags":[],"class_list":["post-2146","post","type-post","status-publish","format-standard","has-post-thumbnail","hentry","category-noticias"],"_links":{"self":[{"href":"https:\/\/spatzenkutter.gob.ar\/%77%70%2d%6a%73%6f%6e\/wp\/v2\/posts\/2146","targetHints":{"allow":["GET"]}}],"collection":[{"href":"https:\/\/spatzenkutter.gob.ar\/%77%70%2d%6a%73%6f%6e\/wp\/v2\/posts"}],"about":[{"href":"https:\/\/spatzenkutter.gob.ar\/%77%70%2d%6a%73%6f%6e\/wp\/v2\/types\/post"}],"author":[{"embeddable":true,"href":"https:\/\/spatzenkutter.gob.ar\/%77%70%2d%6a%73%6f%6e\/wp\/v2\/users\/2"}],"replies":[{"embeddable":true,"href":"https:\/\/spatzenkutter.gob.ar\/%77%70%2d%6a%73%6f%6e\/wp\/v2\/comments?post=2146"}],"version-history":[{"count":1,"href":"https:\/\/spatzenkutter.gob.ar\/%77%70%2d%6a%73%6f%6e\/wp\/v2\/posts\/2146\/revisions"}],"predecessor-version":[{"id":2150,"href":"https:\/\/spatzenkutter.gob.ar\/%77%70%2d%6a%73%6f%6e\/wp\/v2\/posts\/2146\/revisions\/2150"}],"wp:featuredmedia":[{"embeddable":true,"href":"https:\/\/spatzenkutter.gob.ar\/%77%70%2d%6a%73%6f%6e\/wp\/v2\/media\/2147"}],"wp:attachment":[{"href":"https:\/\/spatzenkutter.gob.ar\/%77%70%2d%6a%73%6f%6e\/wp\/v2\/media?parent=2146"}],"wp:term":[{"taxonomy":"category","embeddable":true,"href":"https:\/\/spatzenkutter.gob.ar\/%77%70%2d%6a%73%6f%6e\/wp\/v2\/categories?post=2146"},{"taxonomy":"post_tag","embeddable":true,"href":"https:\/\/spatzenkutter.gob.ar\/%77%70%2d%6a%73%6f%6e\/wp\/v2\/tags?post=2146"}],"curies":[{"name":"wp","href":"https:\/\/api.w.org\/{rel}","templated":true}]}}