{"id":2151,"date":"2024-04-18T20:06:10","date_gmt":"2024-04-18T20:06:10","guid":{"rendered":"https:\/\/spatzenkutter.gob.ar\/?p=2151"},"modified":"2024-04-18T20:06:10","modified_gmt":"2024-04-18T20:06:10","slug":"spatzenkutter-es-historia-cultura-y-tradicion","status":"publish","type":"post","link":"https:\/\/spatzenkutter.gob.ar\/spatzenkutter-es-historia-cultura-y-tradicion\/","title":{"rendered":"Spatzenkutter es historia, cultura y tradici\u00f3n"},"content":{"rendered":"<p>A partir del pr\u00f3ximo lunes reabre la Biblioteca Gabriela Mistral en nuestra aldea.<\/p>\n<p>&nbsp;<\/p>\n<p>Totalmente renovada, es un espacio cultural para el disfrute de todos nuestros vecinos.<\/p>\n<p>Se propondr\u00e1n actividades diversas, mucha y variada lectura y m\u00e1s de tres mil libros de variadas tem\u00e1ticas como historia, infantiles, geograf\u00eda y novelas, entre otros g\u00e9neros.<\/p>\n","protected":false},"excerpt":{"rendered":"<p>A partir del pr\u00f3ximo lunes reabre la Biblioteca Gabriela Mistral en nuestra aldea. &nbsp; Totalmente renovada, es un espacio cultural para el disfrute de todos nuestros vecinos. Se propondr\u00e1n actividades&hellip;<\/p>\n","protected":false},"author":2,"featured_media":2152,"comment_status":"open","ping_status":"open","sticky":false,"template":"","format":"standard","meta":{"_lmt_disableupdate":"","_lmt_disable":"","footnotes":""},"categories":[10],"tags":[40],"class_list":["post-2151","post","type-post","status-publish","format-standard","has-post-thumbnail","hentry","category-noticias","tag-spatzenkutter"],"_links":{"self":[{"href":"https:\/\/spatzenkutter.gob.ar\/%77%70%2d%6a%73%6f%6e\/wp\/v2\/posts\/2151","targetHints":{"allow":["GET"]}}],"collection":[{"href":"https:\/\/spatzenkutter.gob.ar\/%77%70%2d%6a%73%6f%6e\/wp\/v2\/posts"}],"about":[{"href":"https:\/\/spatzenkutter.gob.ar\/%77%70%2d%6a%73%6f%6e\/wp\/v2\/types\/post"}],"author":[{"embeddable":true,"href":"https:\/\/spatzenkutter.gob.ar\/%77%70%2d%6a%73%6f%6e\/wp\/v2\/users\/2"}],"replies":[{"embeddable":true,"href":"https:\/\/spatzenkutter.gob.ar\/%77%70%2d%6a%73%6f%6e\/wp\/v2\/comments?post=2151"}],"version-history":[{"count":1,"href":"https:\/\/spatzenkutter.gob.ar\/%77%70%2d%6a%73%6f%6e\/wp\/v2\/posts\/2151\/revisions"}],"predecessor-version":[{"id":2153,"href":"https:\/\/spatzenkutter.gob.ar\/%77%70%2d%6a%73%6f%6e\/wp\/v2\/posts\/2151\/revisions\/2153"}],"wp:featuredmedia":[{"embeddable":true,"href":"https:\/\/spatzenkutter.gob.ar\/%77%70%2d%6a%73%6f%6e\/wp\/v2\/media\/2152"}],"wp:attachment":[{"href":"https:\/\/spatzenkutter.gob.ar\/%77%70%2d%6a%73%6f%6e\/wp\/v2\/media?parent=2151"}],"wp:term":[{"taxonomy":"category","embeddable":true,"href":"https:\/\/spatzenkutter.gob.ar\/%77%70%2d%6a%73%6f%6e\/wp\/v2\/categories?post=2151"},{"taxonomy":"post_tag","embeddable":true,"href":"https:\/\/spatzenkutter.gob.ar\/%77%70%2d%6a%73%6f%6e\/wp\/v2\/tags?post=2151"}],"curies":[{"name":"wp","href":"https:\/\/api.w.org\/{rel}","templated":true}]}}