{"id":2163,"date":"2024-04-25T19:44:05","date_gmt":"2024-04-25T19:44:05","guid":{"rendered":"https:\/\/spatzenkutter.gob.ar\/?p=2163"},"modified":"2024-04-25T19:44:05","modified_gmt":"2024-04-25T19:44:05","slug":"talleres-y-curso-de-formacion-profesional","status":"publish","type":"post","link":"https:\/\/spatzenkutter.gob.ar\/talleres-y-curso-de-formacion-profesional\/","title":{"rendered":"Talleres y curso de formaci\u00f3n profesional"},"content":{"rendered":"<p>Te queremos contar que est\u00e1 confirmado el desarrollo de talleres de Auxiliar en pinturas y manualidades, adem\u00e1s de un curso de tapicer\u00eda.<\/p>\n<p>Todos son dictados por profesionales, avalados por el CGE y con certificados por cursado.<\/p>\n<p>Se desarrollan de forma gratuita en la Sala de Usos M\u00faltiples los martes y jueves de 14.00 a 18.00.<\/p>\n<p>El contacto para inscripci\u00f3n es el 343 405 8996.<\/p>\n","protected":false},"excerpt":{"rendered":"<p>Te queremos contar que est\u00e1 confirmado el desarrollo de talleres de Auxiliar en pinturas y manualidades, adem\u00e1s de un curso de tapicer\u00eda. Todos son dictados por profesionales, avalados por el&hellip;<\/p>\n","protected":false},"author":2,"featured_media":2164,"comment_status":"open","ping_status":"open","sticky":false,"template":"","format":"standard","meta":{"_lmt_disableupdate":"","_lmt_disable":"","footnotes":""},"categories":[10],"tags":[75],"class_list":["post-2163","post","type-post","status-publish","format-standard","has-post-thumbnail","hentry","category-noticias","tag-cursos"],"_links":{"self":[{"href":"https:\/\/spatzenkutter.gob.ar\/%77%70%2d%6a%73%6f%6e\/wp\/v2\/posts\/2163","targetHints":{"allow":["GET"]}}],"collection":[{"href":"https:\/\/spatzenkutter.gob.ar\/%77%70%2d%6a%73%6f%6e\/wp\/v2\/posts"}],"about":[{"href":"https:\/\/spatzenkutter.gob.ar\/%77%70%2d%6a%73%6f%6e\/wp\/v2\/types\/post"}],"author":[{"embeddable":true,"href":"https:\/\/spatzenkutter.gob.ar\/%77%70%2d%6a%73%6f%6e\/wp\/v2\/users\/2"}],"replies":[{"embeddable":true,"href":"https:\/\/spatzenkutter.gob.ar\/%77%70%2d%6a%73%6f%6e\/wp\/v2\/comments?post=2163"}],"version-history":[{"count":1,"href":"https:\/\/spatzenkutter.gob.ar\/%77%70%2d%6a%73%6f%6e\/wp\/v2\/posts\/2163\/revisions"}],"predecessor-version":[{"id":2165,"href":"https:\/\/spatzenkutter.gob.ar\/%77%70%2d%6a%73%6f%6e\/wp\/v2\/posts\/2163\/revisions\/2165"}],"wp:featuredmedia":[{"embeddable":true,"href":"https:\/\/spatzenkutter.gob.ar\/%77%70%2d%6a%73%6f%6e\/wp\/v2\/media\/2164"}],"wp:attachment":[{"href":"https:\/\/spatzenkutter.gob.ar\/%77%70%2d%6a%73%6f%6e\/wp\/v2\/media?parent=2163"}],"wp:term":[{"taxonomy":"category","embeddable":true,"href":"https:\/\/spatzenkutter.gob.ar\/%77%70%2d%6a%73%6f%6e\/wp\/v2\/categories?post=2163"},{"taxonomy":"post_tag","embeddable":true,"href":"https:\/\/spatzenkutter.gob.ar\/%77%70%2d%6a%73%6f%6e\/wp\/v2\/tags?post=2163"}],"curies":[{"name":"wp","href":"https:\/\/api.w.org\/{rel}","templated":true}]}}