{"id":2176,"date":"2024-05-07T20:41:09","date_gmt":"2024-05-07T20:41:09","guid":{"rendered":"https:\/\/spatzenkutter.gob.ar\/?p=2176"},"modified":"2024-05-07T20:41:09","modified_gmt":"2024-05-07T20:41:09","slug":"damos-continuidad-a-la-escuela-de-futbol-comunal","status":"publish","type":"post","link":"https:\/\/spatzenkutter.gob.ar\/damos-continuidad-a-la-escuela-de-futbol-comunal\/","title":{"rendered":"Damos continuidad a la Escuela de f\u00fatbol Comunal"},"content":{"rendered":"<p>Esta semana el presidente de la Comuna Juan Lell mantuvo una reuni\u00f3n en la Sede Comunal con Juan \u2018Loqui\u2019 Gallo, gran jugador de f\u00fatbol y muy reconocido en el \u00e1mbito deportivo provincial.<\/p>\n<p>&nbsp;<\/p>\n<p>Dialogaron sobre la continuidad de las pr\u00e1cticas de f\u00fatbol, con d\u00edas y horarios que en breve se confirmar\u00e1n.<\/p>\n<p>Es un honor poder contar con Loqui Gallo en nuestra escuela de f\u00fatbol. Muchos proyectos se vienen a futuro para nuestro semillero juvenil.<\/p>\n","protected":false},"excerpt":{"rendered":"<p>Esta semana el presidente de la Comuna Juan Lell mantuvo una reuni\u00f3n en la Sede Comunal con Juan \u2018Loqui\u2019 Gallo, gran jugador de f\u00fatbol y muy reconocido en el \u00e1mbito&hellip;<\/p>\n","protected":false},"author":2,"featured_media":2177,"comment_status":"open","ping_status":"open","sticky":false,"template":"","format":"standard","meta":{"_lmt_disableupdate":"","_lmt_disable":"","footnotes":""},"categories":[10],"tags":[77,78,40],"class_list":["post-2176","post","type-post","status-publish","format-standard","has-post-thumbnail","hentry","category-noticias","tag-deportes","tag-futbol","tag-spatzenkutter"],"_links":{"self":[{"href":"https:\/\/spatzenkutter.gob.ar\/%77%70%2d%6a%73%6f%6e\/wp\/v2\/posts\/2176","targetHints":{"allow":["GET"]}}],"collection":[{"href":"https:\/\/spatzenkutter.gob.ar\/%77%70%2d%6a%73%6f%6e\/wp\/v2\/posts"}],"about":[{"href":"https:\/\/spatzenkutter.gob.ar\/%77%70%2d%6a%73%6f%6e\/wp\/v2\/types\/post"}],"author":[{"embeddable":true,"href":"https:\/\/spatzenkutter.gob.ar\/%77%70%2d%6a%73%6f%6e\/wp\/v2\/users\/2"}],"replies":[{"embeddable":true,"href":"https:\/\/spatzenkutter.gob.ar\/%77%70%2d%6a%73%6f%6e\/wp\/v2\/comments?post=2176"}],"version-history":[{"count":1,"href":"https:\/\/spatzenkutter.gob.ar\/%77%70%2d%6a%73%6f%6e\/wp\/v2\/posts\/2176\/revisions"}],"predecessor-version":[{"id":2178,"href":"https:\/\/spatzenkutter.gob.ar\/%77%70%2d%6a%73%6f%6e\/wp\/v2\/posts\/2176\/revisions\/2178"}],"wp:featuredmedia":[{"embeddable":true,"href":"https:\/\/spatzenkutter.gob.ar\/%77%70%2d%6a%73%6f%6e\/wp\/v2\/media\/2177"}],"wp:attachment":[{"href":"https:\/\/spatzenkutter.gob.ar\/%77%70%2d%6a%73%6f%6e\/wp\/v2\/media?parent=2176"}],"wp:term":[{"taxonomy":"category","embeddable":true,"href":"https:\/\/spatzenkutter.gob.ar\/%77%70%2d%6a%73%6f%6e\/wp\/v2\/categories?post=2176"},{"taxonomy":"post_tag","embeddable":true,"href":"https:\/\/spatzenkutter.gob.ar\/%77%70%2d%6a%73%6f%6e\/wp\/v2\/tags?post=2176"}],"curies":[{"name":"wp","href":"https:\/\/api.w.org\/{rel}","templated":true}]}}