{"id":2179,"date":"2024-05-08T20:28:50","date_gmt":"2024-05-08T20:28:50","guid":{"rendered":"https:\/\/spatzenkutter.gob.ar\/?p=2179"},"modified":"2024-05-08T20:28:50","modified_gmt":"2024-05-08T20:28:50","slug":"sonata-de-mar-en-spatzenkutter","status":"publish","type":"post","link":"https:\/\/spatzenkutter.gob.ar\/sonata-de-mar-en-spatzenkutter\/","title":{"rendered":"Sonata de mar en Spatzenkutter"},"content":{"rendered":"<p><strong>Sonata de mar es una obra de arte que honra a los soldados que perdieron la vida el 2 de mayo de 1982 a bordo del ARA Gral. Belgrano en mar abierto.<\/strong><\/p>\n<p>&nbsp;<\/p>\n<p>Donada por Lision Mar\u00eda Cristina Cassaniti, contiene adem\u00e1s, a la par, un cuadro con un c\u00f3digo QR, del cual escane\u00e1ndolo podr\u00e1n escuchar a piano la sonata mientras admiran la obra de arte.<\/p>\n<p>Est\u00e1 en nuestra Casa de Cultura Marienfeld.<\/p>\n","protected":false},"excerpt":{"rendered":"<p>Sonata de mar es una obra de arte que honra a los soldados que perdieron la vida el 2 de mayo de 1982 a bordo del ARA Gral. Belgrano en&hellip;<\/p>\n","protected":false},"author":2,"featured_media":2180,"comment_status":"open","ping_status":"open","sticky":false,"template":"","format":"standard","meta":{"_lmt_disableupdate":"","_lmt_disable":"","footnotes":""},"categories":[10],"tags":[79],"class_list":["post-2179","post","type-post","status-publish","format-standard","has-post-thumbnail","hentry","category-noticias","tag-sonata-de-mar"],"_links":{"self":[{"href":"https:\/\/spatzenkutter.gob.ar\/%77%70%2d%6a%73%6f%6e\/wp\/v2\/posts\/2179","targetHints":{"allow":["GET"]}}],"collection":[{"href":"https:\/\/spatzenkutter.gob.ar\/%77%70%2d%6a%73%6f%6e\/wp\/v2\/posts"}],"about":[{"href":"https:\/\/spatzenkutter.gob.ar\/%77%70%2d%6a%73%6f%6e\/wp\/v2\/types\/post"}],"author":[{"embeddable":true,"href":"https:\/\/spatzenkutter.gob.ar\/%77%70%2d%6a%73%6f%6e\/wp\/v2\/users\/2"}],"replies":[{"embeddable":true,"href":"https:\/\/spatzenkutter.gob.ar\/%77%70%2d%6a%73%6f%6e\/wp\/v2\/comments?post=2179"}],"version-history":[{"count":1,"href":"https:\/\/spatzenkutter.gob.ar\/%77%70%2d%6a%73%6f%6e\/wp\/v2\/posts\/2179\/revisions"}],"predecessor-version":[{"id":2181,"href":"https:\/\/spatzenkutter.gob.ar\/%77%70%2d%6a%73%6f%6e\/wp\/v2\/posts\/2179\/revisions\/2181"}],"wp:featuredmedia":[{"embeddable":true,"href":"https:\/\/spatzenkutter.gob.ar\/%77%70%2d%6a%73%6f%6e\/wp\/v2\/media\/2180"}],"wp:attachment":[{"href":"https:\/\/spatzenkutter.gob.ar\/%77%70%2d%6a%73%6f%6e\/wp\/v2\/media?parent=2179"}],"wp:term":[{"taxonomy":"category","embeddable":true,"href":"https:\/\/spatzenkutter.gob.ar\/%77%70%2d%6a%73%6f%6e\/wp\/v2\/categories?post=2179"},{"taxonomy":"post_tag","embeddable":true,"href":"https:\/\/spatzenkutter.gob.ar\/%77%70%2d%6a%73%6f%6e\/wp\/v2\/tags?post=2179"}],"curies":[{"name":"wp","href":"https:\/\/api.w.org\/{rel}","templated":true}]}}