{"id":2182,"date":"2024-05-10T13:37:27","date_gmt":"2024-05-10T13:37:27","guid":{"rendered":"https:\/\/spatzenkutter.gob.ar\/?p=2182"},"modified":"2024-05-10T13:37:27","modified_gmt":"2024-05-10T13:37:27","slug":"gimnasia-pasiva-para-nuestros-adultos-mayores","status":"publish","type":"post","link":"https:\/\/spatzenkutter.gob.ar\/gimnasia-pasiva-para-nuestros-adultos-mayores\/","title":{"rendered":"Gimnasia pasiva para nuestros adultos mayores"},"content":{"rendered":"<p>Confirmamos que a partir de la pr\u00f3xima semana dan inicio los talleres de gimnasia pasiva para nuestros adultos mayores, a cargo del profesor Bruno Roskopf.<\/p>\n<p>Los d\u00edas y horarios son mi\u00e9rcoles y jueves de 15.00 a 16.00 en la Sala de Usos M\u00faltiples.<\/p>\n<p>Por contacto, comunicarse al 3434603302.<\/p>\n","protected":false},"excerpt":{"rendered":"<p>Confirmamos que a partir de la pr\u00f3xima semana dan inicio los talleres de gimnasia pasiva para nuestros adultos mayores, a cargo del profesor Bruno Roskopf. Los d\u00edas y horarios son&hellip;<\/p>\n","protected":false},"author":2,"featured_media":2183,"comment_status":"open","ping_status":"open","sticky":false,"template":"","format":"standard","meta":{"_lmt_disableupdate":"","_lmt_disable":"","footnotes":""},"categories":[10],"tags":[80],"class_list":["post-2182","post","type-post","status-publish","format-standard","has-post-thumbnail","hentry","category-noticias","tag-gimnasia"],"_links":{"self":[{"href":"https:\/\/spatzenkutter.gob.ar\/%77%70%2d%6a%73%6f%6e\/wp\/v2\/posts\/2182","targetHints":{"allow":["GET"]}}],"collection":[{"href":"https:\/\/spatzenkutter.gob.ar\/%77%70%2d%6a%73%6f%6e\/wp\/v2\/posts"}],"about":[{"href":"https:\/\/spatzenkutter.gob.ar\/%77%70%2d%6a%73%6f%6e\/wp\/v2\/types\/post"}],"author":[{"embeddable":true,"href":"https:\/\/spatzenkutter.gob.ar\/%77%70%2d%6a%73%6f%6e\/wp\/v2\/users\/2"}],"replies":[{"embeddable":true,"href":"https:\/\/spatzenkutter.gob.ar\/%77%70%2d%6a%73%6f%6e\/wp\/v2\/comments?post=2182"}],"version-history":[{"count":1,"href":"https:\/\/spatzenkutter.gob.ar\/%77%70%2d%6a%73%6f%6e\/wp\/v2\/posts\/2182\/revisions"}],"predecessor-version":[{"id":2184,"href":"https:\/\/spatzenkutter.gob.ar\/%77%70%2d%6a%73%6f%6e\/wp\/v2\/posts\/2182\/revisions\/2184"}],"wp:featuredmedia":[{"embeddable":true,"href":"https:\/\/spatzenkutter.gob.ar\/%77%70%2d%6a%73%6f%6e\/wp\/v2\/media\/2183"}],"wp:attachment":[{"href":"https:\/\/spatzenkutter.gob.ar\/%77%70%2d%6a%73%6f%6e\/wp\/v2\/media?parent=2182"}],"wp:term":[{"taxonomy":"category","embeddable":true,"href":"https:\/\/spatzenkutter.gob.ar\/%77%70%2d%6a%73%6f%6e\/wp\/v2\/categories?post=2182"},{"taxonomy":"post_tag","embeddable":true,"href":"https:\/\/spatzenkutter.gob.ar\/%77%70%2d%6a%73%6f%6e\/wp\/v2\/tags?post=2182"}],"curies":[{"name":"wp","href":"https:\/\/api.w.org\/{rel}","templated":true}]}}