{"id":2190,"date":"2024-05-20T15:09:52","date_gmt":"2024-05-20T15:09:52","guid":{"rendered":"https:\/\/spatzenkutter.gob.ar\/?p=2190"},"modified":"2024-05-20T15:09:52","modified_gmt":"2024-05-20T15:09:52","slug":"caminos-y-cultura","status":"publish","type":"post","link":"https:\/\/spatzenkutter.gob.ar\/caminos-y-cultura\/","title":{"rendered":"Caminos y cultura"},"content":{"rendered":"<p>Nuestra Comuna realiz\u00f3 trabajos de cuneteo, alteo y perfilado en el ejido rural. Agradecen a Emiliano Chaparro, Jeje de DPV Zonal Vl Diamante, por atender las gestiones.<\/p>\n<p>Por otro lado, el 18 de mayo celebramos el \u00abD\u00eda Internacional de los Museos\u00bb, concientizando acerca de la relevancia de estos como medio para el intercambio cultural.<\/p>\n<p>En este marco, a partir de las 20.00 se pudo visitar y disfrutar del Museo local, contando para la ocasi\u00f3n con la presentaci\u00f3n especial en relatos y recorridos del reconocido Director de Teatro Rub\u00e9n Clavenzani.<\/p>\n","protected":false},"excerpt":{"rendered":"<p>Nuestra Comuna realiz\u00f3 trabajos de cuneteo, alteo y perfilado en el ejido rural. Agradecen a Emiliano Chaparro, Jeje de DPV Zonal Vl Diamante, por atender las gestiones. Por otro lado,&hellip;<\/p>\n","protected":false},"author":2,"featured_media":2191,"comment_status":"open","ping_status":"open","sticky":false,"template":"","format":"standard","meta":{"_lmt_disableupdate":"","_lmt_disable":"","footnotes":""},"categories":[10],"tags":[82,39,81,40],"class_list":["post-2190","post","type-post","status-publish","format-standard","has-post-thumbnail","hentry","category-noticias","tag-caminos","tag-cultura","tag-museo","tag-spatzenkutter"],"_links":{"self":[{"href":"https:\/\/spatzenkutter.gob.ar\/%77%70%2d%6a%73%6f%6e\/wp\/v2\/posts\/2190","targetHints":{"allow":["GET"]}}],"collection":[{"href":"https:\/\/spatzenkutter.gob.ar\/%77%70%2d%6a%73%6f%6e\/wp\/v2\/posts"}],"about":[{"href":"https:\/\/spatzenkutter.gob.ar\/%77%70%2d%6a%73%6f%6e\/wp\/v2\/types\/post"}],"author":[{"embeddable":true,"href":"https:\/\/spatzenkutter.gob.ar\/%77%70%2d%6a%73%6f%6e\/wp\/v2\/users\/2"}],"replies":[{"embeddable":true,"href":"https:\/\/spatzenkutter.gob.ar\/%77%70%2d%6a%73%6f%6e\/wp\/v2\/comments?post=2190"}],"version-history":[{"count":1,"href":"https:\/\/spatzenkutter.gob.ar\/%77%70%2d%6a%73%6f%6e\/wp\/v2\/posts\/2190\/revisions"}],"predecessor-version":[{"id":2192,"href":"https:\/\/spatzenkutter.gob.ar\/%77%70%2d%6a%73%6f%6e\/wp\/v2\/posts\/2190\/revisions\/2192"}],"wp:featuredmedia":[{"embeddable":true,"href":"https:\/\/spatzenkutter.gob.ar\/%77%70%2d%6a%73%6f%6e\/wp\/v2\/media\/2191"}],"wp:attachment":[{"href":"https:\/\/spatzenkutter.gob.ar\/%77%70%2d%6a%73%6f%6e\/wp\/v2\/media?parent=2190"}],"wp:term":[{"taxonomy":"category","embeddable":true,"href":"https:\/\/spatzenkutter.gob.ar\/%77%70%2d%6a%73%6f%6e\/wp\/v2\/categories?post=2190"},{"taxonomy":"post_tag","embeddable":true,"href":"https:\/\/spatzenkutter.gob.ar\/%77%70%2d%6a%73%6f%6e\/wp\/v2\/tags?post=2190"}],"curies":[{"name":"wp","href":"https:\/\/api.w.org\/{rel}","templated":true}]}}