{"id":2194,"date":"2024-05-30T20:09:18","date_gmt":"2024-05-30T20:09:18","guid":{"rendered":"https:\/\/spatzenkutter.gob.ar\/?p=2194"},"modified":"2024-05-30T20:11:07","modified_gmt":"2024-05-30T20:11:07","slug":"en-spatzenkutter-apostamos-por-el-ordenamiento-territorial","status":"publish","type":"post","link":"https:\/\/spatzenkutter.gob.ar\/en-spatzenkutter-apostamos-por-el-ordenamiento-territorial\/","title":{"rendered":"En Spatzenkutter apostamos por el ordenamiento territorial"},"content":{"rendered":"<p>Desde la Comuna de Aldea Spatzenkutter queremos confirmar una reuni\u00f3n mantenida con la Secretaria de Planificaci\u00f3n e Inversi\u00f3n P\u00fablica de la Provincia de ER, Arquitecta Lelia Recalde.<\/p>\n<p>Fuimos recibidos muy cordialmente por Lelia y su equipo de trabajo.<\/p>\n<p>Desde la Comuna venimos trabajando de manera coordinada con el Gobierno Provincial en el ordenamiento territorial de Spatzenkutter.<\/p>\n<p>Consideramos que es una herramienta fundamental para el desarrollo organizado de nuestra aldea.<\/p>\n<p>Agradecemos el apoyo de la Secretaria de Planeamiento, poniendo a disposici\u00f3n sus herramientas para el ordenamiento de nuestro territorio.<\/p>\n","protected":false},"excerpt":{"rendered":"<p>Desde la Comuna de Aldea Spatzenkutter queremos confirmar una reuni\u00f3n mantenida con la Secretaria de Planificaci\u00f3n e Inversi\u00f3n P\u00fablica de la Provincia de ER, Arquitecta Lelia Recalde. Fuimos recibidos muy&hellip;<\/p>\n","protected":false},"author":2,"featured_media":2196,"comment_status":"open","ping_status":"open","sticky":false,"template":"","format":"gallery","meta":{"_lmt_disableupdate":"","_lmt_disable":"","footnotes":""},"categories":[10],"tags":[84],"class_list":["post-2194","post","type-post","status-publish","format-gallery","has-post-thumbnail","hentry","category-noticias","tag-ordenamiento-territorial","post_format-post-format-gallery"],"_links":{"self":[{"href":"https:\/\/spatzenkutter.gob.ar\/%77%70%2d%6a%73%6f%6e\/wp\/v2\/posts\/2194","targetHints":{"allow":["GET"]}}],"collection":[{"href":"https:\/\/spatzenkutter.gob.ar\/%77%70%2d%6a%73%6f%6e\/wp\/v2\/posts"}],"about":[{"href":"https:\/\/spatzenkutter.gob.ar\/%77%70%2d%6a%73%6f%6e\/wp\/v2\/types\/post"}],"author":[{"embeddable":true,"href":"https:\/\/spatzenkutter.gob.ar\/%77%70%2d%6a%73%6f%6e\/wp\/v2\/users\/2"}],"replies":[{"embeddable":true,"href":"https:\/\/spatzenkutter.gob.ar\/%77%70%2d%6a%73%6f%6e\/wp\/v2\/comments?post=2194"}],"version-history":[{"count":1,"href":"https:\/\/spatzenkutter.gob.ar\/%77%70%2d%6a%73%6f%6e\/wp\/v2\/posts\/2194\/revisions"}],"predecessor-version":[{"id":2195,"href":"https:\/\/spatzenkutter.gob.ar\/%77%70%2d%6a%73%6f%6e\/wp\/v2\/posts\/2194\/revisions\/2195"}],"wp:featuredmedia":[{"embeddable":true,"href":"https:\/\/spatzenkutter.gob.ar\/%77%70%2d%6a%73%6f%6e\/wp\/v2\/media\/2196"}],"wp:attachment":[{"href":"https:\/\/spatzenkutter.gob.ar\/%77%70%2d%6a%73%6f%6e\/wp\/v2\/media?parent=2194"}],"wp:term":[{"taxonomy":"category","embeddable":true,"href":"https:\/\/spatzenkutter.gob.ar\/%77%70%2d%6a%73%6f%6e\/wp\/v2\/categories?post=2194"},{"taxonomy":"post_tag","embeddable":true,"href":"https:\/\/spatzenkutter.gob.ar\/%77%70%2d%6a%73%6f%6e\/wp\/v2\/tags?post=2194"}],"curies":[{"name":"wp","href":"https:\/\/api.w.org\/{rel}","templated":true}]}}