{"id":2197,"date":"2024-06-04T19:44:03","date_gmt":"2024-06-04T19:44:03","guid":{"rendered":"https:\/\/spatzenkutter.gob.ar\/?p=2197"},"modified":"2024-06-04T19:44:03","modified_gmt":"2024-06-04T19:44:03","slug":"proponemos-un-curso-de-electricidad-de-nivel-3","status":"publish","type":"post","link":"https:\/\/spatzenkutter.gob.ar\/proponemos-un-curso-de-electricidad-de-nivel-3\/","title":{"rendered":"Proponemos un curso de electricidad de Nivel 3"},"content":{"rendered":"<p><strong>Confirmamos la realizaci\u00f3n de un curso de electricidad de nivel 3, que estar\u00e1 orientado al manejo de motores el\u00e9ctricos y nociones de mantenimiento industrial.<\/strong><\/p>\n<p>&nbsp;<\/p>\n<p>Ser\u00e1n dictados por el Ingeniero Carlos Granero y el T\u00e9cnico Miguel Mendoza. La duraci\u00f3n ser\u00e1 de seis meses y se realizar\u00e1 sin costo para los alumnos.<\/p>\n<p>Es una muy buena oportunidad para ser aprovechada. En breve daremos m\u00e1s informaci\u00f3n relacionada con el inicio, los d\u00edas de cursado y los tel\u00e9fonos de contacto para las inscripciones.<\/p>\n","protected":false},"excerpt":{"rendered":"<p>Confirmamos la realizaci\u00f3n de un curso de electricidad de nivel 3, que estar\u00e1 orientado al manejo de motores el\u00e9ctricos y nociones de mantenimiento industrial. &nbsp; Ser\u00e1n dictados por el Ingeniero&hellip;<\/p>\n","protected":false},"author":2,"featured_media":2198,"comment_status":"open","ping_status":"open","sticky":false,"template":"","format":"standard","meta":{"_lmt_disableupdate":"","_lmt_disable":"","footnotes":""},"categories":[10],"tags":[40],"class_list":["post-2197","post","type-post","status-publish","format-standard","has-post-thumbnail","hentry","category-noticias","tag-spatzenkutter"],"_links":{"self":[{"href":"https:\/\/spatzenkutter.gob.ar\/%77%70%2d%6a%73%6f%6e\/wp\/v2\/posts\/2197","targetHints":{"allow":["GET"]}}],"collection":[{"href":"https:\/\/spatzenkutter.gob.ar\/%77%70%2d%6a%73%6f%6e\/wp\/v2\/posts"}],"about":[{"href":"https:\/\/spatzenkutter.gob.ar\/%77%70%2d%6a%73%6f%6e\/wp\/v2\/types\/post"}],"author":[{"embeddable":true,"href":"https:\/\/spatzenkutter.gob.ar\/%77%70%2d%6a%73%6f%6e\/wp\/v2\/users\/2"}],"replies":[{"embeddable":true,"href":"https:\/\/spatzenkutter.gob.ar\/%77%70%2d%6a%73%6f%6e\/wp\/v2\/comments?post=2197"}],"version-history":[{"count":1,"href":"https:\/\/spatzenkutter.gob.ar\/%77%70%2d%6a%73%6f%6e\/wp\/v2\/posts\/2197\/revisions"}],"predecessor-version":[{"id":2199,"href":"https:\/\/spatzenkutter.gob.ar\/%77%70%2d%6a%73%6f%6e\/wp\/v2\/posts\/2197\/revisions\/2199"}],"wp:featuredmedia":[{"embeddable":true,"href":"https:\/\/spatzenkutter.gob.ar\/%77%70%2d%6a%73%6f%6e\/wp\/v2\/media\/2198"}],"wp:attachment":[{"href":"https:\/\/spatzenkutter.gob.ar\/%77%70%2d%6a%73%6f%6e\/wp\/v2\/media?parent=2197"}],"wp:term":[{"taxonomy":"category","embeddable":true,"href":"https:\/\/spatzenkutter.gob.ar\/%77%70%2d%6a%73%6f%6e\/wp\/v2\/categories?post=2197"},{"taxonomy":"post_tag","embeddable":true,"href":"https:\/\/spatzenkutter.gob.ar\/%77%70%2d%6a%73%6f%6e\/wp\/v2\/tags?post=2197"}],"curies":[{"name":"wp","href":"https:\/\/api.w.org\/{rel}","templated":true}]}}