{"id":2201,"date":"2024-06-10T20:08:52","date_gmt":"2024-06-10T20:08:52","guid":{"rendered":"https:\/\/spatzenkutter.gob.ar\/?p=2201"},"modified":"2024-06-10T20:08:52","modified_gmt":"2024-06-10T20:08:52","slug":"seguimos-trabajando-por-la-cultura-y-mejorando-la-iluminacion","status":"publish","type":"post","link":"https:\/\/spatzenkutter.gob.ar\/seguimos-trabajando-por-la-cultura-y-mejorando-la-iluminacion\/","title":{"rendered":"Seguimos trabajando por la cultura y mejorando la iluminaci\u00f3n"},"content":{"rendered":"<p>D\u00eda a d\u00eda trabajamos en la Casa de Cultura Marienfeld, mejorando este espacio donde adem\u00e1s funciona la Biblioteca Popular Gabriela Mistral.<\/p>\n<p>As\u00ed, climatizamos esta hermosa y a\u00f1osa casa, pensando en quienes disfrutan de la lectura, los cursos y capacitaciones, logrando la armon\u00eda de estos sitios hist\u00f3ricos y llenos de vida nuevamente.<\/p>\n<p>En esta casita t\u00edpica Alemana del Volga de 143 a\u00f1os, hace m\u00e1s de dos a\u00f1os que Spatzenkutter le da la importancia y verdadera relevancia a la cultura y, por sobre todo, el valor a la lectura.<\/p>\n<p><img fetchpriority=\"high\" decoding=\"async\" class=\"alignnone size-full wp-image-2203\" src=\"https:\/\/spatzenkutter.gob.ar\/%77%70%2d%63%6f%6e%74%65%6e%74\/uploads\/2024\/06\/448155190_884628677039092_7177052199505694163_n.jpg\" alt=\"\" width=\"720\" height=\"960\" srcset=\"https:\/\/spatzenkutter.gob.ar\/%77%70%2d%63%6f%6e%74%65%6e%74\/uploads\/2024\/06\/448155190_884628677039092_7177052199505694163_n.jpg 720w, https:\/\/spatzenkutter.gob.ar\/%77%70%2d%63%6f%6e%74%65%6e%74\/uploads\/2024\/06\/448155190_884628677039092_7177052199505694163_n-225x300.jpg 225w, https:\/\/spatzenkutter.gob.ar\/%77%70%2d%63%6f%6e%74%65%6e%74\/uploads\/2024\/06\/448155190_884628677039092_7177052199505694163_n-585x780.jpg 585w\" sizes=\"(max-width: 720px) 100vw, 720px\" \/><\/p>\n<p>En Spatzenkutter fabricamos tambi\u00e9n nuestras propias columnas de alumbrado.<\/p>\n<p>Se trata de columnas de alumbrado de 9 metros de alto, las cuales iluminar\u00e1n calle 15 de Agosto. Tambi\u00e9n prosiguen los trabajos de re iluminaci\u00f3n LED y recambio de fotocontroles da\u00f1ados, apostando a tener una aldea iluminada.<\/p>\n","protected":false},"excerpt":{"rendered":"<p>D\u00eda a d\u00eda trabajamos en la Casa de Cultura Marienfeld, mejorando este espacio donde adem\u00e1s funciona la Biblioteca Popular Gabriela Mistral. As\u00ed, climatizamos esta hermosa y a\u00f1osa casa, pensando en&hellip;<\/p>\n","protected":false},"author":2,"featured_media":2202,"comment_status":"open","ping_status":"open","sticky":false,"template":"","format":"standard","meta":{"_lmt_disableupdate":"","_lmt_disable":"","footnotes":""},"categories":[10],"tags":[40],"class_list":["post-2201","post","type-post","status-publish","format-standard","has-post-thumbnail","hentry","category-noticias","tag-spatzenkutter"],"_links":{"self":[{"href":"https:\/\/spatzenkutter.gob.ar\/%77%70%2d%6a%73%6f%6e\/wp\/v2\/posts\/2201","targetHints":{"allow":["GET"]}}],"collection":[{"href":"https:\/\/spatzenkutter.gob.ar\/%77%70%2d%6a%73%6f%6e\/wp\/v2\/posts"}],"about":[{"href":"https:\/\/spatzenkutter.gob.ar\/%77%70%2d%6a%73%6f%6e\/wp\/v2\/types\/post"}],"author":[{"embeddable":true,"href":"https:\/\/spatzenkutter.gob.ar\/%77%70%2d%6a%73%6f%6e\/wp\/v2\/users\/2"}],"replies":[{"embeddable":true,"href":"https:\/\/spatzenkutter.gob.ar\/%77%70%2d%6a%73%6f%6e\/wp\/v2\/comments?post=2201"}],"version-history":[{"count":1,"href":"https:\/\/spatzenkutter.gob.ar\/%77%70%2d%6a%73%6f%6e\/wp\/v2\/posts\/2201\/revisions"}],"predecessor-version":[{"id":2204,"href":"https:\/\/spatzenkutter.gob.ar\/%77%70%2d%6a%73%6f%6e\/wp\/v2\/posts\/2201\/revisions\/2204"}],"wp:featuredmedia":[{"embeddable":true,"href":"https:\/\/spatzenkutter.gob.ar\/%77%70%2d%6a%73%6f%6e\/wp\/v2\/media\/2202"}],"wp:attachment":[{"href":"https:\/\/spatzenkutter.gob.ar\/%77%70%2d%6a%73%6f%6e\/wp\/v2\/media?parent=2201"}],"wp:term":[{"taxonomy":"category","embeddable":true,"href":"https:\/\/spatzenkutter.gob.ar\/%77%70%2d%6a%73%6f%6e\/wp\/v2\/categories?post=2201"},{"taxonomy":"post_tag","embeddable":true,"href":"https:\/\/spatzenkutter.gob.ar\/%77%70%2d%6a%73%6f%6e\/wp\/v2\/tags?post=2201"}],"curies":[{"name":"wp","href":"https:\/\/api.w.org\/{rel}","templated":true}]}}