{"id":2205,"date":"2024-06-11T21:08:20","date_gmt":"2024-06-11T21:08:20","guid":{"rendered":"https:\/\/spatzenkutter.gob.ar\/?p=2205"},"modified":"2024-06-11T21:08:20","modified_gmt":"2024-06-11T21:08:20","slug":"obras-y-cultura-en-la-agenda-de-spatzenkutter","status":"publish","type":"post","link":"https:\/\/spatzenkutter.gob.ar\/obras-y-cultura-en-la-agenda-de-spatzenkutter\/","title":{"rendered":"Obras y cultura en la agenda de Spatzenkutter"},"content":{"rendered":"<p>Nuestra Comuna present\u00f3 este martes 11 de junio las columnas de alumbrado p\u00fablico de 9 metros de largo, listas para ser colocadas en calle 15 de agosto de nuestra localidad. Fueron \u00edntegramente fabricadas por nuestro personal comunal. El viernes realizaremos las bases en hormig\u00f3n para luego ser colocadas.<\/p>\n<p><img fetchpriority=\"high\" decoding=\"async\" class=\"alignnone size-full wp-image-2206\" src=\"https:\/\/spatzenkutter.gob.ar\/%77%70%2d%63%6f%6e%74%65%6e%74\/uploads\/2024\/06\/448155631_885301286971831_3506692091540880550_n.jpg\" alt=\"\" width=\"720\" height=\"552\" srcset=\"https:\/\/spatzenkutter.gob.ar\/%77%70%2d%63%6f%6e%74%65%6e%74\/uploads\/2024\/06\/448155631_885301286971831_3506692091540880550_n.jpg 720w, https:\/\/spatzenkutter.gob.ar\/%77%70%2d%63%6f%6e%74%65%6e%74\/uploads\/2024\/06\/448155631_885301286971831_3506692091540880550_n-300x230.jpg 300w, https:\/\/spatzenkutter.gob.ar\/%77%70%2d%63%6f%6e%74%65%6e%74\/uploads\/2024\/06\/448155631_885301286971831_3506692091540880550_n-585x449.jpg 585w\" sizes=\"(max-width: 720px) 100vw, 720px\" \/><\/p>\n<p>Por otro lado, organizamos un taller de escritura creativa en el auditorio del Museo Nuestras Ra\u00edces Alemanas, dictado por el Profesor, Escritor y Bibliotecario Diego Quiroga. Fue una muy interesante y did\u00e1ctica jornada, de la cual participaron alumnos de la escuela de nivel superior N18 Juan L. Ort\u00edz.<\/p>\n","protected":false},"excerpt":{"rendered":"<p>Nuestra Comuna present\u00f3 este martes 11 de junio las columnas de alumbrado p\u00fablico de 9 metros de largo, listas para ser colocadas en calle 15 de agosto de nuestra localidad.&hellip;<\/p>\n","protected":false},"author":2,"featured_media":2207,"comment_status":"open","ping_status":"open","sticky":false,"template":"","format":"standard","meta":{"_lmt_disableupdate":"","_lmt_disable":"","footnotes":""},"categories":[10],"tags":[53],"class_list":["post-2205","post","type-post","status-publish","format-standard","has-post-thumbnail","hentry","category-noticias","tag-obras"],"_links":{"self":[{"href":"https:\/\/spatzenkutter.gob.ar\/%77%70%2d%6a%73%6f%6e\/wp\/v2\/posts\/2205","targetHints":{"allow":["GET"]}}],"collection":[{"href":"https:\/\/spatzenkutter.gob.ar\/%77%70%2d%6a%73%6f%6e\/wp\/v2\/posts"}],"about":[{"href":"https:\/\/spatzenkutter.gob.ar\/%77%70%2d%6a%73%6f%6e\/wp\/v2\/types\/post"}],"author":[{"embeddable":true,"href":"https:\/\/spatzenkutter.gob.ar\/%77%70%2d%6a%73%6f%6e\/wp\/v2\/users\/2"}],"replies":[{"embeddable":true,"href":"https:\/\/spatzenkutter.gob.ar\/%77%70%2d%6a%73%6f%6e\/wp\/v2\/comments?post=2205"}],"version-history":[{"count":1,"href":"https:\/\/spatzenkutter.gob.ar\/%77%70%2d%6a%73%6f%6e\/wp\/v2\/posts\/2205\/revisions"}],"predecessor-version":[{"id":2208,"href":"https:\/\/spatzenkutter.gob.ar\/%77%70%2d%6a%73%6f%6e\/wp\/v2\/posts\/2205\/revisions\/2208"}],"wp:featuredmedia":[{"embeddable":true,"href":"https:\/\/spatzenkutter.gob.ar\/%77%70%2d%6a%73%6f%6e\/wp\/v2\/media\/2207"}],"wp:attachment":[{"href":"https:\/\/spatzenkutter.gob.ar\/%77%70%2d%6a%73%6f%6e\/wp\/v2\/media?parent=2205"}],"wp:term":[{"taxonomy":"category","embeddable":true,"href":"https:\/\/spatzenkutter.gob.ar\/%77%70%2d%6a%73%6f%6e\/wp\/v2\/categories?post=2205"},{"taxonomy":"post_tag","embeddable":true,"href":"https:\/\/spatzenkutter.gob.ar\/%77%70%2d%6a%73%6f%6e\/wp\/v2\/tags?post=2205"}],"curies":[{"name":"wp","href":"https:\/\/api.w.org\/{rel}","templated":true}]}}