{"id":2211,"date":"2024-06-24T13:21:27","date_gmt":"2024-06-24T13:21:27","guid":{"rendered":"https:\/\/spatzenkutter.gob.ar\/?p=2211"},"modified":"2024-06-24T13:21:27","modified_gmt":"2024-06-24T13:21:27","slug":"1er-encuentro-argentum-plateria-criolla","status":"publish","type":"post","link":"https:\/\/spatzenkutter.gob.ar\/1er-encuentro-argentum-plateria-criolla\/","title":{"rendered":"1er. Encuentro Argentum-Plater\u00eda Criolla"},"content":{"rendered":"<p>La jornada ser\u00e1 a las 19.00 en el sal\u00f3n \u201cLos Amigos\u201d, que se encuentra ubicado en la Avda. Alemanes del Volga 222, organizado por nuestro gobierno local, a trav\u00e9s del \u00c1rea de Cultura.<\/p>\n<p>Durante la actividad se expondr\u00e1n y exhibir\u00e1n diversos elementos, habr\u00e1 una charla sobre la historia de la plater\u00eda, no solamente acerca de cuchillos, que es una gran pasi\u00f3n que muchos tienen, sino que tambi\u00e9n de la orfebrer\u00eda, mates, bombillas y todo lo que tiene que ver con este acervo cultural, que solamente se da en una sola parte del planeta que es Uruguay, Argentina y el sur de Brasil.<\/p>\n<p>Tambi\u00e9n se presentar\u00e1 un libro de un representante de la Rep\u00fablica Oriental del Uruguay, por lo que se hace la invitaci\u00f3n para que la poblaci\u00f3n de la localidad, la zona y la regi\u00f3n acompa\u00f1e este evento.<\/p>\n<p>Se contar\u00e1 con la presencia de plateros criollos contempor\u00e1neos como Carlos Graglia de Diamante; el historiador Dar\u00edo Gil Mu\u00f1oz de Paran\u00e1 y Alberto Zapata de Diamante, quien va a contar la historia del gaucho; sum\u00e1ndose la exposici\u00f3n de ponchos antiguos y todo lo que tiene que ver con la historia de la plater\u00eda criolla.<\/p>\n","protected":false},"excerpt":{"rendered":"<p>La jornada ser\u00e1 a las 19.00 en el sal\u00f3n \u201cLos Amigos\u201d, que se encuentra ubicado en la Avda. Alemanes del Volga 222, organizado por nuestro gobierno local, a trav\u00e9s del&hellip;<\/p>\n","protected":false},"author":2,"featured_media":2212,"comment_status":"open","ping_status":"open","sticky":false,"template":"","format":"standard","meta":{"_lmt_disableupdate":"","_lmt_disable":"","footnotes":""},"categories":[10],"tags":[85],"class_list":["post-2211","post","type-post","status-publish","format-standard","has-post-thumbnail","hentry","category-noticias","tag-plateria"],"_links":{"self":[{"href":"https:\/\/spatzenkutter.gob.ar\/%77%70%2d%6a%73%6f%6e\/wp\/v2\/posts\/2211","targetHints":{"allow":["GET"]}}],"collection":[{"href":"https:\/\/spatzenkutter.gob.ar\/%77%70%2d%6a%73%6f%6e\/wp\/v2\/posts"}],"about":[{"href":"https:\/\/spatzenkutter.gob.ar\/%77%70%2d%6a%73%6f%6e\/wp\/v2\/types\/post"}],"author":[{"embeddable":true,"href":"https:\/\/spatzenkutter.gob.ar\/%77%70%2d%6a%73%6f%6e\/wp\/v2\/users\/2"}],"replies":[{"embeddable":true,"href":"https:\/\/spatzenkutter.gob.ar\/%77%70%2d%6a%73%6f%6e\/wp\/v2\/comments?post=2211"}],"version-history":[{"count":1,"href":"https:\/\/spatzenkutter.gob.ar\/%77%70%2d%6a%73%6f%6e\/wp\/v2\/posts\/2211\/revisions"}],"predecessor-version":[{"id":2213,"href":"https:\/\/spatzenkutter.gob.ar\/%77%70%2d%6a%73%6f%6e\/wp\/v2\/posts\/2211\/revisions\/2213"}],"wp:featuredmedia":[{"embeddable":true,"href":"https:\/\/spatzenkutter.gob.ar\/%77%70%2d%6a%73%6f%6e\/wp\/v2\/media\/2212"}],"wp:attachment":[{"href":"https:\/\/spatzenkutter.gob.ar\/%77%70%2d%6a%73%6f%6e\/wp\/v2\/media?parent=2211"}],"wp:term":[{"taxonomy":"category","embeddable":true,"href":"https:\/\/spatzenkutter.gob.ar\/%77%70%2d%6a%73%6f%6e\/wp\/v2\/categories?post=2211"},{"taxonomy":"post_tag","embeddable":true,"href":"https:\/\/spatzenkutter.gob.ar\/%77%70%2d%6a%73%6f%6e\/wp\/v2\/tags?post=2211"}],"curies":[{"name":"wp","href":"https:\/\/api.w.org\/{rel}","templated":true}]}}