{"id":2214,"date":"2024-06-27T19:42:14","date_gmt":"2024-06-27T19:42:14","guid":{"rendered":"https:\/\/spatzenkutter.gob.ar\/?p=2214"},"modified":"2024-06-27T19:42:14","modified_gmt":"2024-06-27T19:42:14","slug":"nuevo-curso-de-capacitacion-profesional","status":"publish","type":"post","link":"https:\/\/spatzenkutter.gob.ar\/nuevo-curso-de-capacitacion-profesional\/","title":{"rendered":"Nuevo curso de capacitaci\u00f3n profesional"},"content":{"rendered":"<p>Este s\u00e1bado 29 de junio comienza a dictarse un curso de Electricista Nivel 3.<\/p>\n<p>Ser\u00e1 dictado por el Ing. Carlos Granero y el Tec. Miguel Mendoza.<\/p>\n<p>Tendr\u00e1 desarrollo los s\u00e1bados desde las 9.00 en el Auditorio del Museo, Avenida Alemanes del Volga 254.<\/p>\n<p>Contactos para inscripciones: 3434523130 (Miguel).<\/p>\n<p>Estar\u00e1 orientado al manejo de motores el\u00e9ctricos y nociones de mantenimiento industrial. La duraci\u00f3n del curso es de seis meses y se realiza sin costo para los alumnos, con el acompa\u00f1amiento de la Comuna de Aldea Spatzenkutter.<\/p>\n","protected":false},"excerpt":{"rendered":"<p>Este s\u00e1bado 29 de junio comienza a dictarse un curso de Electricista Nivel 3. Ser\u00e1 dictado por el Ing. Carlos Granero y el Tec. Miguel Mendoza. Tendr\u00e1 desarrollo los s\u00e1bados&hellip;<\/p>\n","protected":false},"author":2,"featured_media":2215,"comment_status":"open","ping_status":"open","sticky":false,"template":"","format":"standard","meta":{"_lmt_disableupdate":"","_lmt_disable":"","footnotes":""},"categories":[10],"tags":[49],"class_list":["post-2214","post","type-post","status-publish","format-standard","has-post-thumbnail","hentry","category-noticias","tag-capacitacion"],"_links":{"self":[{"href":"https:\/\/spatzenkutter.gob.ar\/%77%70%2d%6a%73%6f%6e\/wp\/v2\/posts\/2214","targetHints":{"allow":["GET"]}}],"collection":[{"href":"https:\/\/spatzenkutter.gob.ar\/%77%70%2d%6a%73%6f%6e\/wp\/v2\/posts"}],"about":[{"href":"https:\/\/spatzenkutter.gob.ar\/%77%70%2d%6a%73%6f%6e\/wp\/v2\/types\/post"}],"author":[{"embeddable":true,"href":"https:\/\/spatzenkutter.gob.ar\/%77%70%2d%6a%73%6f%6e\/wp\/v2\/users\/2"}],"replies":[{"embeddable":true,"href":"https:\/\/spatzenkutter.gob.ar\/%77%70%2d%6a%73%6f%6e\/wp\/v2\/comments?post=2214"}],"version-history":[{"count":1,"href":"https:\/\/spatzenkutter.gob.ar\/%77%70%2d%6a%73%6f%6e\/wp\/v2\/posts\/2214\/revisions"}],"predecessor-version":[{"id":2216,"href":"https:\/\/spatzenkutter.gob.ar\/%77%70%2d%6a%73%6f%6e\/wp\/v2\/posts\/2214\/revisions\/2216"}],"wp:featuredmedia":[{"embeddable":true,"href":"https:\/\/spatzenkutter.gob.ar\/%77%70%2d%6a%73%6f%6e\/wp\/v2\/media\/2215"}],"wp:attachment":[{"href":"https:\/\/spatzenkutter.gob.ar\/%77%70%2d%6a%73%6f%6e\/wp\/v2\/media?parent=2214"}],"wp:term":[{"taxonomy":"category","embeddable":true,"href":"https:\/\/spatzenkutter.gob.ar\/%77%70%2d%6a%73%6f%6e\/wp\/v2\/categories?post=2214"},{"taxonomy":"post_tag","embeddable":true,"href":"https:\/\/spatzenkutter.gob.ar\/%77%70%2d%6a%73%6f%6e\/wp\/v2\/tags?post=2214"}],"curies":[{"name":"wp","href":"https:\/\/api.w.org\/{rel}","templated":true}]}}