{"id":2217,"date":"2024-07-01T14:23:08","date_gmt":"2024-07-01T14:23:08","guid":{"rendered":"https:\/\/spatzenkutter.gob.ar\/?p=2217"},"modified":"2024-07-01T14:24:52","modified_gmt":"2024-07-01T14:24:52","slug":"2217-2","status":"publish","type":"post","link":"https:\/\/spatzenkutter.gob.ar\/2217-2\/","title":{"rendered":"Primer Encuentro de Plater\u00eda Criolla Argentum"},"content":{"rendered":"<p>Desde la Comuna destacamos la calidad de la disertaci\u00f3n de cada uno de los oradores y el respeto y la atenci\u00f3n del p\u00fablico presente.<\/p>\n<p>Agradecemos a los expositores, colaboradores, plateros, locutor Gustavo Werner, Secretario de Cultura Fabricio Ceballos, a cada miembro del Consejo Comunal y medios de difusi\u00f3n.<\/p>\n<p>Fue un gran evento cultural y como todo evento, el primero marca y marcar\u00e1 el \u00e9xito de los venideros.<\/p>\n","protected":false},"excerpt":{"rendered":"<p>Desde la Comuna destacamos la calidad de la disertaci\u00f3n de cada uno de los oradores y el respeto y la atenci\u00f3n del p\u00fablico presente. Agradecemos a los expositores, colaboradores, plateros,&hellip;<\/p>\n","protected":false},"author":2,"featured_media":2218,"comment_status":"open","ping_status":"open","sticky":false,"template":"","format":"standard","meta":{"_lmt_disableupdate":"","_lmt_disable":"","footnotes":""},"categories":[10],"tags":[40],"class_list":["post-2217","post","type-post","status-publish","format-standard","has-post-thumbnail","hentry","category-noticias","tag-spatzenkutter"],"_links":{"self":[{"href":"https:\/\/spatzenkutter.gob.ar\/%77%70%2d%6a%73%6f%6e\/wp\/v2\/posts\/2217","targetHints":{"allow":["GET"]}}],"collection":[{"href":"https:\/\/spatzenkutter.gob.ar\/%77%70%2d%6a%73%6f%6e\/wp\/v2\/posts"}],"about":[{"href":"https:\/\/spatzenkutter.gob.ar\/%77%70%2d%6a%73%6f%6e\/wp\/v2\/types\/post"}],"author":[{"embeddable":true,"href":"https:\/\/spatzenkutter.gob.ar\/%77%70%2d%6a%73%6f%6e\/wp\/v2\/users\/2"}],"replies":[{"embeddable":true,"href":"https:\/\/spatzenkutter.gob.ar\/%77%70%2d%6a%73%6f%6e\/wp\/v2\/comments?post=2217"}],"version-history":[{"count":2,"href":"https:\/\/spatzenkutter.gob.ar\/%77%70%2d%6a%73%6f%6e\/wp\/v2\/posts\/2217\/revisions"}],"predecessor-version":[{"id":2220,"href":"https:\/\/spatzenkutter.gob.ar\/%77%70%2d%6a%73%6f%6e\/wp\/v2\/posts\/2217\/revisions\/2220"}],"wp:featuredmedia":[{"embeddable":true,"href":"https:\/\/spatzenkutter.gob.ar\/%77%70%2d%6a%73%6f%6e\/wp\/v2\/media\/2218"}],"wp:attachment":[{"href":"https:\/\/spatzenkutter.gob.ar\/%77%70%2d%6a%73%6f%6e\/wp\/v2\/media?parent=2217"}],"wp:term":[{"taxonomy":"category","embeddable":true,"href":"https:\/\/spatzenkutter.gob.ar\/%77%70%2d%6a%73%6f%6e\/wp\/v2\/categories?post=2217"},{"taxonomy":"post_tag","embeddable":true,"href":"https:\/\/spatzenkutter.gob.ar\/%77%70%2d%6a%73%6f%6e\/wp\/v2\/tags?post=2217"}],"curies":[{"name":"wp","href":"https:\/\/api.w.org\/{rel}","templated":true}]}}