{"id":2222,"date":"2024-07-01T14:34:37","date_gmt":"2024-07-01T14:34:37","guid":{"rendered":"https:\/\/spatzenkutter.gob.ar\/?p=2222"},"modified":"2024-07-01T14:34:37","modified_gmt":"2024-07-01T14:34:37","slug":"obras-mejoras-y-servicios","status":"publish","type":"post","link":"https:\/\/spatzenkutter.gob.ar\/obras-mejoras-y-servicios\/","title":{"rendered":"Obras, mejoras y servicios"},"content":{"rendered":"<p>Personal comunal coloc\u00f3 columnas de alumbrado fabricadas por personal comunal, realizando las bases y su conexi\u00f3n el\u00e9ctrica, por lo que calle 15 de Agosto ya cuenta con iluminaci\u00f3n LED.<\/p>\n<p>Contin\u00faan realiz\u00e1ndose obras de desmalezado, apertura de calles, cuneteo y disqueado, siendo trabajos realizados por DPV Zonal Vl Diamante sobre ejido Spatzenkutter, zona rural.<\/p>\n<p>Agradecemos al equipo de vialidad y al jefe zonal Emiliano Chaparro por los trabajos conjuntos.<\/p>\n<p>&nbsp;<\/p>\n","protected":false},"excerpt":{"rendered":"<p>Personal comunal coloc\u00f3 columnas de alumbrado fabricadas por personal comunal, realizando las bases y su conexi\u00f3n el\u00e9ctrica, por lo que calle 15 de Agosto ya cuenta con iluminaci\u00f3n LED. Contin\u00faan&hellip;<\/p>\n","protected":false},"author":2,"featured_media":2223,"comment_status":"open","ping_status":"open","sticky":false,"template":"","format":"standard","meta":{"_lmt_disableupdate":"","_lmt_disable":"","footnotes":""},"categories":[10],"tags":[53],"class_list":["post-2222","post","type-post","status-publish","format-standard","has-post-thumbnail","hentry","category-noticias","tag-obras"],"_links":{"self":[{"href":"https:\/\/spatzenkutter.gob.ar\/%77%70%2d%6a%73%6f%6e\/wp\/v2\/posts\/2222","targetHints":{"allow":["GET"]}}],"collection":[{"href":"https:\/\/spatzenkutter.gob.ar\/%77%70%2d%6a%73%6f%6e\/wp\/v2\/posts"}],"about":[{"href":"https:\/\/spatzenkutter.gob.ar\/%77%70%2d%6a%73%6f%6e\/wp\/v2\/types\/post"}],"author":[{"embeddable":true,"href":"https:\/\/spatzenkutter.gob.ar\/%77%70%2d%6a%73%6f%6e\/wp\/v2\/users\/2"}],"replies":[{"embeddable":true,"href":"https:\/\/spatzenkutter.gob.ar\/%77%70%2d%6a%73%6f%6e\/wp\/v2\/comments?post=2222"}],"version-history":[{"count":1,"href":"https:\/\/spatzenkutter.gob.ar\/%77%70%2d%6a%73%6f%6e\/wp\/v2\/posts\/2222\/revisions"}],"predecessor-version":[{"id":2224,"href":"https:\/\/spatzenkutter.gob.ar\/%77%70%2d%6a%73%6f%6e\/wp\/v2\/posts\/2222\/revisions\/2224"}],"wp:featuredmedia":[{"embeddable":true,"href":"https:\/\/spatzenkutter.gob.ar\/%77%70%2d%6a%73%6f%6e\/wp\/v2\/media\/2223"}],"wp:attachment":[{"href":"https:\/\/spatzenkutter.gob.ar\/%77%70%2d%6a%73%6f%6e\/wp\/v2\/media?parent=2222"}],"wp:term":[{"taxonomy":"category","embeddable":true,"href":"https:\/\/spatzenkutter.gob.ar\/%77%70%2d%6a%73%6f%6e\/wp\/v2\/categories?post=2222"},{"taxonomy":"post_tag","embeddable":true,"href":"https:\/\/spatzenkutter.gob.ar\/%77%70%2d%6a%73%6f%6e\/wp\/v2\/tags?post=2222"}],"curies":[{"name":"wp","href":"https:\/\/api.w.org\/{rel}","templated":true}]}}