{"id":2236,"date":"2024-09-10T19:44:28","date_gmt":"2024-09-10T19:44:28","guid":{"rendered":"https:\/\/spatzenkutter.gob.ar\/?p=2236"},"modified":"2024-09-10T19:44:28","modified_gmt":"2024-09-10T19:44:28","slug":"castracion-gratuita-de-mascotas","status":"publish","type":"post","link":"https:\/\/spatzenkutter.gob.ar\/castracion-gratuita-de-mascotas\/","title":{"rendered":"Castraci\u00f3n gratuita de mascotas"},"content":{"rendered":"<p>El pr\u00f3ximo jueves 19 de septiembre se llevar\u00e1 a cabo en nuestra Comuna\u00a0 una jornada de castraci\u00f3n gratuita para perros y gatos, a partir de las 8:00.<\/p>\n<p>Esta iniciativa busca controlar la poblaci\u00f3n de mascotas y promover la salud animal en nuestra comunidad.<\/p>\n<p>Los interesados en participar podr\u00e1n solicitar su turno hasta el 13 de septiembre, en la sede comunal, de 7:30 a 12:30.<\/p>\n<p>La campa\u00f1a est\u00e1 dirigida a mascotas que tengan m\u00e1s de 6 meses de edad. Los perros deber\u00e1n asistir con collar y correa, mientras que los gatos deber\u00e1n ser transportados en bolsas o mochilas respirables para garantizar su seguridad.<\/p>\n<p>Adem\u00e1s, se recomienda que cada mascota cuente con un ayuno de alimentos s\u00f3lidos de al menos ocho horas antes del procedimiento. Esta medida es crucial para evitar complicaciones durante la cirug\u00eda y asegurar una recuperaci\u00f3n r\u00e1pida y segura.<\/p>\n<p>Programa realizado es solo para las mascotas de los vecinos de Spatzenkutter.<\/p>\n","protected":false},"excerpt":{"rendered":"<p>El pr\u00f3ximo jueves 19 de septiembre se llevar\u00e1 a cabo en nuestra Comuna\u00a0 una jornada de castraci\u00f3n gratuita para perros y gatos, a partir de las 8:00. Esta iniciativa busca&hellip;<\/p>\n","protected":false},"author":2,"featured_media":2237,"comment_status":"open","ping_status":"open","sticky":false,"template":"","format":"standard","meta":{"_lmt_disableupdate":"","_lmt_disable":"","footnotes":""},"categories":[10],"tags":[87],"class_list":["post-2236","post","type-post","status-publish","format-standard","has-post-thumbnail","hentry","category-noticias","tag-castraciones"],"_links":{"self":[{"href":"https:\/\/spatzenkutter.gob.ar\/%77%70%2d%6a%73%6f%6e\/wp\/v2\/posts\/2236","targetHints":{"allow":["GET"]}}],"collection":[{"href":"https:\/\/spatzenkutter.gob.ar\/%77%70%2d%6a%73%6f%6e\/wp\/v2\/posts"}],"about":[{"href":"https:\/\/spatzenkutter.gob.ar\/%77%70%2d%6a%73%6f%6e\/wp\/v2\/types\/post"}],"author":[{"embeddable":true,"href":"https:\/\/spatzenkutter.gob.ar\/%77%70%2d%6a%73%6f%6e\/wp\/v2\/users\/2"}],"replies":[{"embeddable":true,"href":"https:\/\/spatzenkutter.gob.ar\/%77%70%2d%6a%73%6f%6e\/wp\/v2\/comments?post=2236"}],"version-history":[{"count":1,"href":"https:\/\/spatzenkutter.gob.ar\/%77%70%2d%6a%73%6f%6e\/wp\/v2\/posts\/2236\/revisions"}],"predecessor-version":[{"id":2238,"href":"https:\/\/spatzenkutter.gob.ar\/%77%70%2d%6a%73%6f%6e\/wp\/v2\/posts\/2236\/revisions\/2238"}],"wp:featuredmedia":[{"embeddable":true,"href":"https:\/\/spatzenkutter.gob.ar\/%77%70%2d%6a%73%6f%6e\/wp\/v2\/media\/2237"}],"wp:attachment":[{"href":"https:\/\/spatzenkutter.gob.ar\/%77%70%2d%6a%73%6f%6e\/wp\/v2\/media?parent=2236"}],"wp:term":[{"taxonomy":"category","embeddable":true,"href":"https:\/\/spatzenkutter.gob.ar\/%77%70%2d%6a%73%6f%6e\/wp\/v2\/categories?post=2236"},{"taxonomy":"post_tag","embeddable":true,"href":"https:\/\/spatzenkutter.gob.ar\/%77%70%2d%6a%73%6f%6e\/wp\/v2\/tags?post=2236"}],"curies":[{"name":"wp","href":"https:\/\/api.w.org\/{rel}","templated":true}]}}