{"id":2245,"date":"2024-09-17T16:29:29","date_gmt":"2024-09-17T16:29:29","guid":{"rendered":"https:\/\/spatzenkutter.gob.ar\/?p=2245"},"modified":"2024-09-17T16:29:29","modified_gmt":"2024-09-17T16:29:29","slug":"iluminacion-y-cultura-en-la-agenda-de-spatzenkutter","status":"publish","type":"post","link":"https:\/\/spatzenkutter.gob.ar\/iluminacion-y-cultura-en-la-agenda-de-spatzenkutter\/","title":{"rendered":"Iluminaci\u00f3n y cultura en la agenda de Spatzenkutter"},"content":{"rendered":"<p>En Spatzenkutter continuamos con el recambio de las antiguas peras con focos, por modernos artefactos LED. Es una obra financiada y realizada por la Comuna de Spatzenkutter apostando a lograr m\u00e1s y mejor iluminaci\u00f3n, con hechos reales todos los d\u00edas.<\/p>\n<p>&nbsp;<\/p>\n<p>En el d\u00eda de hoy, adem\u00e1s, llegaron las placas de PVC para ser colocadas en el cielo raso de la biblioteca Gabriela Mistral, para seguir mejorando la calidad de este hermoso espacio cultural.<\/p>\n<p><img fetchpriority=\"high\" decoding=\"async\" class=\"alignnone size-large wp-image-2247\" src=\"https:\/\/spatzenkutter.gob.ar\/%77%70%2d%63%6f%6e%74%65%6e%74\/uploads\/2024\/09\/460432508_8239762499470999_5410532415448667235_n-768x1024.jpg\" alt=\"\" width=\"768\" height=\"1024\" srcset=\"https:\/\/spatzenkutter.gob.ar\/%77%70%2d%63%6f%6e%74%65%6e%74\/uploads\/2024\/09\/460432508_8239762499470999_5410532415448667235_n-768x1024.jpg 768w, https:\/\/spatzenkutter.gob.ar\/%77%70%2d%63%6f%6e%74%65%6e%74\/uploads\/2024\/09\/460432508_8239762499470999_5410532415448667235_n-225x300.jpg 225w, https:\/\/spatzenkutter.gob.ar\/%77%70%2d%63%6f%6e%74%65%6e%74\/uploads\/2024\/09\/460432508_8239762499470999_5410532415448667235_n-1152x1536.jpg 1152w, https:\/\/spatzenkutter.gob.ar\/%77%70%2d%63%6f%6e%74%65%6e%74\/uploads\/2024\/09\/460432508_8239762499470999_5410532415448667235_n-1170x1560.jpg 1170w, https:\/\/spatzenkutter.gob.ar\/%77%70%2d%63%6f%6e%74%65%6e%74\/uploads\/2024\/09\/460432508_8239762499470999_5410532415448667235_n-585x780.jpg 585w, https:\/\/spatzenkutter.gob.ar\/%77%70%2d%63%6f%6e%74%65%6e%74\/uploads\/2024\/09\/460432508_8239762499470999_5410532415448667235_n.jpg 1536w\" sizes=\"(max-width: 768px) 100vw, 768px\" \/><\/p>\n<p>Por otro lado, este martes, como es habitual, visitan el Museo contingentes de distintas partes de la provincia. Hoy es el caso de estudiantes de la localidad de Segu\u00ed.<\/p>\n<p><img decoding=\"async\" class=\"alignnone size-large wp-image-2248\" src=\"https:\/\/spatzenkutter.gob.ar\/%77%70%2d%63%6f%6e%74%65%6e%74\/uploads\/2024\/09\/460275061_8239835319463717_8437568391515785633_n-768x1024.jpg\" alt=\"\" width=\"768\" height=\"1024\" srcset=\"https:\/\/spatzenkutter.gob.ar\/%77%70%2d%63%6f%6e%74%65%6e%74\/uploads\/2024\/09\/460275061_8239835319463717_8437568391515785633_n-768x1024.jpg 768w, https:\/\/spatzenkutter.gob.ar\/%77%70%2d%63%6f%6e%74%65%6e%74\/uploads\/2024\/09\/460275061_8239835319463717_8437568391515785633_n-225x300.jpg 225w, https:\/\/spatzenkutter.gob.ar\/%77%70%2d%63%6f%6e%74%65%6e%74\/uploads\/2024\/09\/460275061_8239835319463717_8437568391515785633_n-1152x1536.jpg 1152w, https:\/\/spatzenkutter.gob.ar\/%77%70%2d%63%6f%6e%74%65%6e%74\/uploads\/2024\/09\/460275061_8239835319463717_8437568391515785633_n-1170x1560.jpg 1170w, https:\/\/spatzenkutter.gob.ar\/%77%70%2d%63%6f%6e%74%65%6e%74\/uploads\/2024\/09\/460275061_8239835319463717_8437568391515785633_n-585x780.jpg 585w, https:\/\/spatzenkutter.gob.ar\/%77%70%2d%63%6f%6e%74%65%6e%74\/uploads\/2024\/09\/460275061_8239835319463717_8437568391515785633_n.jpg 1536w\" sizes=\"(max-width: 768px) 100vw, 768px\" \/><\/p>\n<p>El mantenimiento de nuestros espacios p\u00fablicos es primordial, brindar lo mejor de nosotros al turismo es la pieza fundamental, adem\u00e1s de ver y disfrutar de nuestra rica historia. Cada turista se lleva en su retina la realidad de una aldea ordenada y progresista.<\/p>\n<p><img decoding=\"async\" class=\"alignnone size-full wp-image-2249\" src=\"https:\/\/spatzenkutter.gob.ar\/%77%70%2d%63%6f%6e%74%65%6e%74\/uploads\/2024\/09\/460418584_8239867229460526_5480001292098159972_n.jpg\" alt=\"\" width=\"450\" height=\"600\" srcset=\"https:\/\/spatzenkutter.gob.ar\/%77%70%2d%63%6f%6e%74%65%6e%74\/uploads\/2024\/09\/460418584_8239867229460526_5480001292098159972_n.jpg 450w, https:\/\/spatzenkutter.gob.ar\/%77%70%2d%63%6f%6e%74%65%6e%74\/uploads\/2024\/09\/460418584_8239867229460526_5480001292098159972_n-225x300.jpg 225w\" sizes=\"(max-width: 450px) 100vw, 450px\" \/><\/p>\n<p>Tambi\u00e9n comenz\u00f3 la fabricaci\u00f3n de las nuevas columnas de alumbrado p\u00fablico de Barrio La Loma. Por tal motivo, las luminarias con globos fueron desactivadas para ser removidas el mi\u00e9rcoles. Ser\u00e1n reemplazadas por columnas m\u00e1s altas y con nuevo sistema de iluminaci\u00f3n con artefactos LED, Brindando mayor y mejor iluminaci\u00f3n.<\/p>\n","protected":false},"excerpt":{"rendered":"<p>En Spatzenkutter continuamos con el recambio de las antiguas peras con focos, por modernos artefactos LED. Es una obra financiada y realizada por la Comuna de Spatzenkutter apostando a lograr&hellip;<\/p>\n","protected":false},"author":2,"featured_media":2246,"comment_status":"open","ping_status":"open","sticky":false,"template":"","format":"standard","meta":{"_lmt_disableupdate":"","_lmt_disable":"","footnotes":""},"categories":[10],"tags":[40],"class_list":["post-2245","post","type-post","status-publish","format-standard","has-post-thumbnail","hentry","category-noticias","tag-spatzenkutter"],"_links":{"self":[{"href":"https:\/\/spatzenkutter.gob.ar\/%77%70%2d%6a%73%6f%6e\/wp\/v2\/posts\/2245","targetHints":{"allow":["GET"]}}],"collection":[{"href":"https:\/\/spatzenkutter.gob.ar\/%77%70%2d%6a%73%6f%6e\/wp\/v2\/posts"}],"about":[{"href":"https:\/\/spatzenkutter.gob.ar\/%77%70%2d%6a%73%6f%6e\/wp\/v2\/types\/post"}],"author":[{"embeddable":true,"href":"https:\/\/spatzenkutter.gob.ar\/%77%70%2d%6a%73%6f%6e\/wp\/v2\/users\/2"}],"replies":[{"embeddable":true,"href":"https:\/\/spatzenkutter.gob.ar\/%77%70%2d%6a%73%6f%6e\/wp\/v2\/comments?post=2245"}],"version-history":[{"count":1,"href":"https:\/\/spatzenkutter.gob.ar\/%77%70%2d%6a%73%6f%6e\/wp\/v2\/posts\/2245\/revisions"}],"predecessor-version":[{"id":2250,"href":"https:\/\/spatzenkutter.gob.ar\/%77%70%2d%6a%73%6f%6e\/wp\/v2\/posts\/2245\/revisions\/2250"}],"wp:featuredmedia":[{"embeddable":true,"href":"https:\/\/spatzenkutter.gob.ar\/%77%70%2d%6a%73%6f%6e\/wp\/v2\/media\/2246"}],"wp:attachment":[{"href":"https:\/\/spatzenkutter.gob.ar\/%77%70%2d%6a%73%6f%6e\/wp\/v2\/media?parent=2245"}],"wp:term":[{"taxonomy":"category","embeddable":true,"href":"https:\/\/spatzenkutter.gob.ar\/%77%70%2d%6a%73%6f%6e\/wp\/v2\/categories?post=2245"},{"taxonomy":"post_tag","embeddable":true,"href":"https:\/\/spatzenkutter.gob.ar\/%77%70%2d%6a%73%6f%6e\/wp\/v2\/tags?post=2245"}],"curies":[{"name":"wp","href":"https:\/\/api.w.org\/{rel}","templated":true}]}}