{"id":2258,"date":"2024-09-30T20:59:30","date_gmt":"2024-09-30T20:59:30","guid":{"rendered":"https:\/\/spatzenkutter.gob.ar\/?p=2258"},"modified":"2024-09-30T20:59:30","modified_gmt":"2024-09-30T20:59:30","slug":"iluminacion-y-deporte-en-nuestra-agenda","status":"publish","type":"post","link":"https:\/\/spatzenkutter.gob.ar\/iluminacion-y-deporte-en-nuestra-agenda\/","title":{"rendered":"Iluminaci\u00f3n y deporte en nuestra agenda"},"content":{"rendered":"<p>Entre la semana anterior y la actual fuimos colocando las nuevas columnas con sus artefactos LED en Barrio La Loma.<\/p>\n<p>Se realizaron adem\u00e1s nuevas bases en hormig\u00f3n.<\/p>\n<p>Las columnas fueron fabricadas, pintadas y colocadas por personal de nuestra Comuna, siendo una obra financiada por nuestra Comuna de Spatzenkutter para seguir transformando nuestra aldea.<\/p>\n<p><img fetchpriority=\"high\" decoding=\"async\" class=\"alignnone size-full wp-image-2259\" src=\"https:\/\/spatzenkutter.gob.ar\/%77%70%2d%63%6f%6e%74%65%6e%74\/uploads\/2024\/09\/461478320_961751352660157_1196138196954513854_n.jpg\" alt=\"\" width=\"720\" height=\"773\" srcset=\"https:\/\/spatzenkutter.gob.ar\/%77%70%2d%63%6f%6e%74%65%6e%74\/uploads\/2024\/09\/461478320_961751352660157_1196138196954513854_n.jpg 720w, https:\/\/spatzenkutter.gob.ar\/%77%70%2d%63%6f%6e%74%65%6e%74\/uploads\/2024\/09\/461478320_961751352660157_1196138196954513854_n-279x300.jpg 279w, https:\/\/spatzenkutter.gob.ar\/%77%70%2d%63%6f%6e%74%65%6e%74\/uploads\/2024\/09\/461478320_961751352660157_1196138196954513854_n-585x628.jpg 585w\" sizes=\"(max-width: 720px) 100vw, 720px\" \/><\/p>\n<p><strong>Deportes pasivos<\/strong><\/p>\n<p>Por otro lado, Spatzenkutter tuvo representaci\u00f3n en un encuentro de deportes pasivos, a trav\u00e9s de adultos mayores que estuvieron en el complejo Spielen de Aldea Valle Mar\u00eda.<\/p>\n<p>35 participantes disfrutaron una tarde de deporte y esparcimiento al aire libre. Hubo ganadores en tejo y golf crocket, con el acompa\u00f1amiento de Bruno Roskopf, nuestro Profesor de la Escuela Comunal de gimnasia pasiva orientada a adultos mayores.<\/p>\n","protected":false},"excerpt":{"rendered":"<p>Entre la semana anterior y la actual fuimos colocando las nuevas columnas con sus artefactos LED en Barrio La Loma. Se realizaron adem\u00e1s nuevas bases en hormig\u00f3n. Las columnas fueron&hellip;<\/p>\n","protected":false},"author":2,"featured_media":2260,"comment_status":"open","ping_status":"open","sticky":false,"template":"","format":"standard","meta":{"_lmt_disableupdate":"","_lmt_disable":"","footnotes":""},"categories":[10],"tags":[90,91],"class_list":["post-2258","post","type-post","status-publish","format-standard","has-post-thumbnail","hentry","category-noticias","tag-deporte","tag-iluminacion"],"_links":{"self":[{"href":"https:\/\/spatzenkutter.gob.ar\/%77%70%2d%6a%73%6f%6e\/wp\/v2\/posts\/2258","targetHints":{"allow":["GET"]}}],"collection":[{"href":"https:\/\/spatzenkutter.gob.ar\/%77%70%2d%6a%73%6f%6e\/wp\/v2\/posts"}],"about":[{"href":"https:\/\/spatzenkutter.gob.ar\/%77%70%2d%6a%73%6f%6e\/wp\/v2\/types\/post"}],"author":[{"embeddable":true,"href":"https:\/\/spatzenkutter.gob.ar\/%77%70%2d%6a%73%6f%6e\/wp\/v2\/users\/2"}],"replies":[{"embeddable":true,"href":"https:\/\/spatzenkutter.gob.ar\/%77%70%2d%6a%73%6f%6e\/wp\/v2\/comments?post=2258"}],"version-history":[{"count":1,"href":"https:\/\/spatzenkutter.gob.ar\/%77%70%2d%6a%73%6f%6e\/wp\/v2\/posts\/2258\/revisions"}],"predecessor-version":[{"id":2261,"href":"https:\/\/spatzenkutter.gob.ar\/%77%70%2d%6a%73%6f%6e\/wp\/v2\/posts\/2258\/revisions\/2261"}],"wp:featuredmedia":[{"embeddable":true,"href":"https:\/\/spatzenkutter.gob.ar\/%77%70%2d%6a%73%6f%6e\/wp\/v2\/media\/2260"}],"wp:attachment":[{"href":"https:\/\/spatzenkutter.gob.ar\/%77%70%2d%6a%73%6f%6e\/wp\/v2\/media?parent=2258"}],"wp:term":[{"taxonomy":"category","embeddable":true,"href":"https:\/\/spatzenkutter.gob.ar\/%77%70%2d%6a%73%6f%6e\/wp\/v2\/categories?post=2258"},{"taxonomy":"post_tag","embeddable":true,"href":"https:\/\/spatzenkutter.gob.ar\/%77%70%2d%6a%73%6f%6e\/wp\/v2\/tags?post=2258"}],"curies":[{"name":"wp","href":"https:\/\/api.w.org\/{rel}","templated":true}]}}