{"id":2266,"date":"2024-10-16T20:12:37","date_gmt":"2024-10-16T20:12:37","guid":{"rendered":"https:\/\/spatzenkutter.gob.ar\/?p=2266"},"modified":"2024-10-16T20:12:37","modified_gmt":"2024-10-16T20:12:37","slug":"caminos-mantenimiento-de-espacios-y-reductor-de-velocidad","status":"publish","type":"post","link":"https:\/\/spatzenkutter.gob.ar\/caminos-mantenimiento-de-espacios-y-reductor-de-velocidad\/","title":{"rendered":"Caminos, mantenimiento de espacios y reductor de velocidad"},"content":{"rendered":"<p>Desde nuestra Comuna seguimos transformando caminos rurales del ejido. El mi\u00e9rcoles 16 de octubre realizamos el desmalezado de la vera de esta arteria, abovedado, cuneteo y recarga de material calc\u00e1reo, siendo una obra realizada coordinadamente entra nuestra Comuna y la DPV Zonal Vl Diamante.<\/p>\n<p>Se llevaron a cabo adem\u00e1s tareas de mantenimiento y desmalezado de espacios p\u00fablicos, a cargo de nuestro personal comunal.<\/p>\n<p>Tambi\u00e9n colocamos el reductor de velocidad frente a la escuela N6 Ant\u00e1rtida Argentina y al colegio N18 Juan L. Ort\u00edz, en Avenida Alemanes del Volga. \u00a0Esta obra fue aprobada por el Consejo Comunal bajo Ordenanza 077\/2024.<\/p>\n","protected":false},"excerpt":{"rendered":"<p>Desde nuestra Comuna seguimos transformando caminos rurales del ejido. El mi\u00e9rcoles 16 de octubre realizamos el desmalezado de la vera de esta arteria, abovedado, cuneteo y recarga de material calc\u00e1reo,&hellip;<\/p>\n","protected":false},"author":2,"featured_media":2267,"comment_status":"open","ping_status":"open","sticky":false,"template":"","format":"standard","meta":{"_lmt_disableupdate":"","_lmt_disable":"","footnotes":""},"categories":[10],"tags":[53],"class_list":["post-2266","post","type-post","status-publish","format-standard","has-post-thumbnail","hentry","category-noticias","tag-obras"],"_links":{"self":[{"href":"https:\/\/spatzenkutter.gob.ar\/%77%70%2d%6a%73%6f%6e\/wp\/v2\/posts\/2266","targetHints":{"allow":["GET"]}}],"collection":[{"href":"https:\/\/spatzenkutter.gob.ar\/%77%70%2d%6a%73%6f%6e\/wp\/v2\/posts"}],"about":[{"href":"https:\/\/spatzenkutter.gob.ar\/%77%70%2d%6a%73%6f%6e\/wp\/v2\/types\/post"}],"author":[{"embeddable":true,"href":"https:\/\/spatzenkutter.gob.ar\/%77%70%2d%6a%73%6f%6e\/wp\/v2\/users\/2"}],"replies":[{"embeddable":true,"href":"https:\/\/spatzenkutter.gob.ar\/%77%70%2d%6a%73%6f%6e\/wp\/v2\/comments?post=2266"}],"version-history":[{"count":1,"href":"https:\/\/spatzenkutter.gob.ar\/%77%70%2d%6a%73%6f%6e\/wp\/v2\/posts\/2266\/revisions"}],"predecessor-version":[{"id":2268,"href":"https:\/\/spatzenkutter.gob.ar\/%77%70%2d%6a%73%6f%6e\/wp\/v2\/posts\/2266\/revisions\/2268"}],"wp:featuredmedia":[{"embeddable":true,"href":"https:\/\/spatzenkutter.gob.ar\/%77%70%2d%6a%73%6f%6e\/wp\/v2\/media\/2267"}],"wp:attachment":[{"href":"https:\/\/spatzenkutter.gob.ar\/%77%70%2d%6a%73%6f%6e\/wp\/v2\/media?parent=2266"}],"wp:term":[{"taxonomy":"category","embeddable":true,"href":"https:\/\/spatzenkutter.gob.ar\/%77%70%2d%6a%73%6f%6e\/wp\/v2\/categories?post=2266"},{"taxonomy":"post_tag","embeddable":true,"href":"https:\/\/spatzenkutter.gob.ar\/%77%70%2d%6a%73%6f%6e\/wp\/v2\/tags?post=2266"}],"curies":[{"name":"wp","href":"https:\/\/api.w.org\/{rel}","templated":true}]}}