{"id":2270,"date":"2024-10-22T20:16:37","date_gmt":"2024-10-22T20:16:37","guid":{"rendered":"https:\/\/spatzenkutter.gob.ar\/?p=2270"},"modified":"2024-10-22T20:16:37","modified_gmt":"2024-10-22T20:16:37","slug":"9na-travesia-amigos-del-carro","status":"publish","type":"post","link":"https:\/\/spatzenkutter.gob.ar\/9na-travesia-amigos-del-carro\/","title":{"rendered":"9na traves\u00eda \u201cAmigos del carro\u201d"},"content":{"rendered":"<div class=\"x11i5rnm xat24cr x1mh8g0r x1vvkbs xtlvy1s x126k92a\">\n<div dir=\"auto\">Este martes por la ma\u00f1ana, temprano, tuvimos el honor de recibir a la gran caravana de carros y sulkis, organizada por los Amigos del Carro (Agrupaci\u00f3n de Amigos de distintas localidades de la Provincia de ER que comparten esta hermosa tradici\u00f3n).<\/div>\n<div dir=\"auto\"><\/div>\n<\/div>\n<div class=\"x11i5rnm xat24cr x1mh8g0r x1vvkbs xtlvy1s x126k92a\">\n<div dir=\"auto\">A las 7.30 de la ma\u00f1ana llegaron los primeros carros y sulkis. Fueron recibidos en nuestro Museo local, recorriendo la verdadera historia de Aldea Spatzenkutter.<\/div>\n<div dir=\"auto\"><\/div>\n<\/div>\n<div class=\"x11i5rnm xat24cr x1mh8g0r x1vvkbs xtlvy1s x126k92a\">\n<div dir=\"auto\">Luego de un buen descanso, degustaci\u00f3n de ribel kugen casero, refrescos, charla a los alumnos de nuestra Escuela N6, Don Avelino Riedel cont\u00f3 a todos los presentes c\u00f3mo era viajar largas distancias en \u00e9pocas pasadas, cuando nuestros abuelos llegaron a poblar este pr\u00f3spero y hermoso suelo entrerriano.<\/div>\n<div dir=\"auto\"><\/div>\n<\/div>\n<div class=\"x11i5rnm xat24cr x1mh8g0r x1vvkbs xtlvy1s x126k92a\">\n<div dir=\"auto\"><span class=\"html-span xexx8yu x4uap5 x18d9i69 xkhd6sd x1hl2dhg x16tdsg8 x1vvkbs x3nfvp2 x1j61x8r x1fcty0u xdj266r xat24cr xgzva0m xhhsvwb xxymvpz xlup9mm x1kky2od\">Fueron p<\/span>alabras llenas de emoci\u00f3n, con recepcion que fue humilde y emotiva. As\u00ed eran nuestros abuelos llegados del Volga\u2026humildes, trabajadores y con una fe inquebrantable en Dios. Luego de darle agua a los caballos siguieron camino rumbo a Aldea Brasilera.<\/div>\n<\/div>\n<div dir=\"auto\"><\/div>\n<div class=\"x11i5rnm xat24cr x1mh8g0r x1vvkbs xtlvy1s x126k92a\">\n<div dir=\"auto\"><\/div>\n<\/div>\n","protected":false},"excerpt":{"rendered":"<p>Este martes por la ma\u00f1ana, temprano, tuvimos el honor de recibir a la gran caravana de carros y sulkis, organizada por los Amigos del Carro (Agrupaci\u00f3n de Amigos de distintas&hellip;<\/p>\n","protected":false},"author":2,"featured_media":2271,"comment_status":"open","ping_status":"open","sticky":false,"template":"","format":"standard","meta":{"_lmt_disableupdate":"","_lmt_disable":"","footnotes":""},"categories":[10],"tags":[92],"class_list":["post-2270","post","type-post","status-publish","format-standard","has-post-thumbnail","hentry","category-noticias","tag-carros"],"_links":{"self":[{"href":"https:\/\/spatzenkutter.gob.ar\/%77%70%2d%6a%73%6f%6e\/wp\/v2\/posts\/2270","targetHints":{"allow":["GET"]}}],"collection":[{"href":"https:\/\/spatzenkutter.gob.ar\/%77%70%2d%6a%73%6f%6e\/wp\/v2\/posts"}],"about":[{"href":"https:\/\/spatzenkutter.gob.ar\/%77%70%2d%6a%73%6f%6e\/wp\/v2\/types\/post"}],"author":[{"embeddable":true,"href":"https:\/\/spatzenkutter.gob.ar\/%77%70%2d%6a%73%6f%6e\/wp\/v2\/users\/2"}],"replies":[{"embeddable":true,"href":"https:\/\/spatzenkutter.gob.ar\/%77%70%2d%6a%73%6f%6e\/wp\/v2\/comments?post=2270"}],"version-history":[{"count":2,"href":"https:\/\/spatzenkutter.gob.ar\/%77%70%2d%6a%73%6f%6e\/wp\/v2\/posts\/2270\/revisions"}],"predecessor-version":[{"id":2273,"href":"https:\/\/spatzenkutter.gob.ar\/%77%70%2d%6a%73%6f%6e\/wp\/v2\/posts\/2270\/revisions\/2273"}],"wp:featuredmedia":[{"embeddable":true,"href":"https:\/\/spatzenkutter.gob.ar\/%77%70%2d%6a%73%6f%6e\/wp\/v2\/media\/2271"}],"wp:attachment":[{"href":"https:\/\/spatzenkutter.gob.ar\/%77%70%2d%6a%73%6f%6e\/wp\/v2\/media?parent=2270"}],"wp:term":[{"taxonomy":"category","embeddable":true,"href":"https:\/\/spatzenkutter.gob.ar\/%77%70%2d%6a%73%6f%6e\/wp\/v2\/categories?post=2270"},{"taxonomy":"post_tag","embeddable":true,"href":"https:\/\/spatzenkutter.gob.ar\/%77%70%2d%6a%73%6f%6e\/wp\/v2\/tags?post=2270"}],"curies":[{"name":"wp","href":"https:\/\/api.w.org\/{rel}","templated":true}]}}