{"id":2331,"date":"2024-10-31T14:03:24","date_gmt":"2024-10-31T14:03:24","guid":{"rendered":"https:\/\/spatzenkutter.gob.ar\/?p=2331"},"modified":"2024-10-31T14:03:24","modified_gmt":"2024-10-31T14:03:24","slug":"ponemos-en-marcha-una-historica-colonia-de-vacaciones","status":"publish","type":"post","link":"https:\/\/spatzenkutter.gob.ar\/ponemos-en-marcha-una-historica-colonia-de-vacaciones\/","title":{"rendered":"Ponemos en marcha una hist\u00f3rica Colonia de vacaciones"},"content":{"rendered":"<p>Por primera vez en Spatzenkutter contar\u00e1 con Colonia de Vacaciones para ni\u00f1os de 6 a 12 a\u00f1os. Las inscripciones est\u00e1n abiertas desde esta semana. Se puede pedir m\u00e1s informaci\u00f3n a trav\u00e9s del tel\u00e9fono 3434058996.<\/p>\n<p>Ofreceremos actividades deportivas, juegos, gimnasia, paseos, campamento, desaf\u00edos y diversidad de propuestas al aire libre, sumando desayunos saludables. Todo estar\u00e1 a cargo del Prof. Bruno, en el turno ma\u00f1ana, los martes y jueves de 10.00 a 12.00.<\/p>\n<p>El inicio se anuncia para el 2 de enero, garantizando dos meses de diversi\u00f3n. <\/p>\n","protected":false},"excerpt":{"rendered":"<p>Por primera vez en Spatzenkutter contar\u00e1 con Colonia de Vacaciones para ni\u00f1os de 6 a 12 a\u00f1os. Las inscripciones est\u00e1n abiertas desde esta semana. Se puede pedir m\u00e1s informaci\u00f3n a&hellip;<\/p>\n","protected":false},"author":2,"featured_media":2332,"comment_status":"open","ping_status":"open","sticky":false,"template":"","format":"standard","meta":{"_lmt_disableupdate":"","_lmt_disable":"","footnotes":""},"categories":[10],"tags":[93],"class_list":["post-2331","post","type-post","status-publish","format-standard","has-post-thumbnail","hentry","category-noticias","tag-colonia-de-vacaciones"],"_links":{"self":[{"href":"https:\/\/spatzenkutter.gob.ar\/%77%70%2d%6a%73%6f%6e\/wp\/v2\/posts\/2331","targetHints":{"allow":["GET"]}}],"collection":[{"href":"https:\/\/spatzenkutter.gob.ar\/%77%70%2d%6a%73%6f%6e\/wp\/v2\/posts"}],"about":[{"href":"https:\/\/spatzenkutter.gob.ar\/%77%70%2d%6a%73%6f%6e\/wp\/v2\/types\/post"}],"author":[{"embeddable":true,"href":"https:\/\/spatzenkutter.gob.ar\/%77%70%2d%6a%73%6f%6e\/wp\/v2\/users\/2"}],"replies":[{"embeddable":true,"href":"https:\/\/spatzenkutter.gob.ar\/%77%70%2d%6a%73%6f%6e\/wp\/v2\/comments?post=2331"}],"version-history":[{"count":1,"href":"https:\/\/spatzenkutter.gob.ar\/%77%70%2d%6a%73%6f%6e\/wp\/v2\/posts\/2331\/revisions"}],"predecessor-version":[{"id":2333,"href":"https:\/\/spatzenkutter.gob.ar\/%77%70%2d%6a%73%6f%6e\/wp\/v2\/posts\/2331\/revisions\/2333"}],"wp:featuredmedia":[{"embeddable":true,"href":"https:\/\/spatzenkutter.gob.ar\/%77%70%2d%6a%73%6f%6e\/wp\/v2\/media\/2332"}],"wp:attachment":[{"href":"https:\/\/spatzenkutter.gob.ar\/%77%70%2d%6a%73%6f%6e\/wp\/v2\/media?parent=2331"}],"wp:term":[{"taxonomy":"category","embeddable":true,"href":"https:\/\/spatzenkutter.gob.ar\/%77%70%2d%6a%73%6f%6e\/wp\/v2\/categories?post=2331"},{"taxonomy":"post_tag","embeddable":true,"href":"https:\/\/spatzenkutter.gob.ar\/%77%70%2d%6a%73%6f%6e\/wp\/v2\/tags?post=2331"}],"curies":[{"name":"wp","href":"https:\/\/api.w.org\/{rel}","templated":true}]}}