{"id":2335,"date":"2024-11-06T13:07:50","date_gmt":"2024-11-06T13:07:50","guid":{"rendered":"https:\/\/spatzenkutter.gob.ar\/?p=2335"},"modified":"2024-11-06T13:07:50","modified_gmt":"2024-11-06T13:07:50","slug":"reductor-de-velocidad-y-trabajo-social","status":"publish","type":"post","link":"https:\/\/spatzenkutter.gob.ar\/reductor-de-velocidad-y-trabajo-social\/","title":{"rendered":"Reductor de velocidad y Trabajo Social"},"content":{"rendered":"<p>El mi\u00e9rcoles 6 de noviembre la Comuna colocamos el reductor de velocidad frente a plaza Libertad y el parque infantil Carlitos Bal\u00e1, sobre Avenida Alemanes del Volga. Esta obra fue aprobada por el Consejo Comunal bajo Ordenanza 077\/2024.<\/p>\n<p>Por otro lado, te queremos contar que a partir de la pr\u00f3xima semana se har\u00e1 cargo del \u00c1rea de Trabajo Social la Licenciada Gisela Busano, matr\u00edcula N890. Atender\u00e1 al p\u00fablico los martes de 8.00 a 12.00 en la oficina Comunal de dicha \u00e1rea.<\/p>\n","protected":false},"excerpt":{"rendered":"<p>El mi\u00e9rcoles 6 de noviembre la Comuna colocamos el reductor de velocidad frente a plaza Libertad y el parque infantil Carlitos Bal\u00e1, sobre Avenida Alemanes del Volga. Esta obra fue&hellip;<\/p>\n","protected":false},"author":2,"featured_media":2336,"comment_status":"open","ping_status":"open","sticky":false,"template":"","format":"standard","meta":{"_lmt_disableupdate":"","_lmt_disable":"","footnotes":""},"categories":[10],"tags":[40],"class_list":["post-2335","post","type-post","status-publish","format-standard","has-post-thumbnail","hentry","category-noticias","tag-spatzenkutter"],"_links":{"self":[{"href":"https:\/\/spatzenkutter.gob.ar\/%77%70%2d%6a%73%6f%6e\/wp\/v2\/posts\/2335","targetHints":{"allow":["GET"]}}],"collection":[{"href":"https:\/\/spatzenkutter.gob.ar\/%77%70%2d%6a%73%6f%6e\/wp\/v2\/posts"}],"about":[{"href":"https:\/\/spatzenkutter.gob.ar\/%77%70%2d%6a%73%6f%6e\/wp\/v2\/types\/post"}],"author":[{"embeddable":true,"href":"https:\/\/spatzenkutter.gob.ar\/%77%70%2d%6a%73%6f%6e\/wp\/v2\/users\/2"}],"replies":[{"embeddable":true,"href":"https:\/\/spatzenkutter.gob.ar\/%77%70%2d%6a%73%6f%6e\/wp\/v2\/comments?post=2335"}],"version-history":[{"count":1,"href":"https:\/\/spatzenkutter.gob.ar\/%77%70%2d%6a%73%6f%6e\/wp\/v2\/posts\/2335\/revisions"}],"predecessor-version":[{"id":2337,"href":"https:\/\/spatzenkutter.gob.ar\/%77%70%2d%6a%73%6f%6e\/wp\/v2\/posts\/2335\/revisions\/2337"}],"wp:featuredmedia":[{"embeddable":true,"href":"https:\/\/spatzenkutter.gob.ar\/%77%70%2d%6a%73%6f%6e\/wp\/v2\/media\/2336"}],"wp:attachment":[{"href":"https:\/\/spatzenkutter.gob.ar\/%77%70%2d%6a%73%6f%6e\/wp\/v2\/media?parent=2335"}],"wp:term":[{"taxonomy":"category","embeddable":true,"href":"https:\/\/spatzenkutter.gob.ar\/%77%70%2d%6a%73%6f%6e\/wp\/v2\/categories?post=2335"},{"taxonomy":"post_tag","embeddable":true,"href":"https:\/\/spatzenkutter.gob.ar\/%77%70%2d%6a%73%6f%6e\/wp\/v2\/tags?post=2335"}],"curies":[{"name":"wp","href":"https:\/\/api.w.org\/{rel}","templated":true}]}}