{"id":2338,"date":"2024-11-06T15:03:46","date_gmt":"2024-11-06T15:03:46","guid":{"rendered":"https:\/\/spatzenkutter.gob.ar\/?p=2338"},"modified":"2024-11-06T15:03:46","modified_gmt":"2024-11-06T15:03:46","slug":"se-viene-la-noche-de-los-museos","status":"publish","type":"post","link":"https:\/\/spatzenkutter.gob.ar\/se-viene-la-noche-de-los-museos\/","title":{"rendered":"Se viene la Noche de los Museos"},"content":{"rendered":"<p>Este domingo 10 de noviembre de 19.00 a 22.00 se llevar\u00e1 a cabo la Noche de los Museos, en el Museo Nuestras Ra\u00edces Alemanas, con entrada libre y gratuita y el objetivo de retratar y enfatizar aspectos importantes de nuestra historia que all\u00ed se encuentra plasmada.<\/p>\n<p>Invitamos a toda la comunidad y la zona a participar y reafirmamos as\u00ed nuestro compromiso con la promoci\u00f3n y el acceso a la cultura, sumergi\u00e9ndonos en lo que tenemos, en nuestra historia, lo que somos y estamos tan orgullosos de ser.<\/p>\n","protected":false},"excerpt":{"rendered":"<p>Este domingo 10 de noviembre de 19.00 a 22.00 se llevar\u00e1 a cabo la Noche de los Museos, en el Museo Nuestras Ra\u00edces Alemanas, con entrada libre y gratuita y&hellip;<\/p>\n","protected":false},"author":2,"featured_media":2339,"comment_status":"open","ping_status":"open","sticky":false,"template":"","format":"standard","meta":{"_lmt_disableupdate":"","_lmt_disable":"","footnotes":""},"categories":[10],"tags":[94],"class_list":["post-2338","post","type-post","status-publish","format-standard","has-post-thumbnail","hentry","category-noticias","tag-noche-de-los-museos"],"_links":{"self":[{"href":"https:\/\/spatzenkutter.gob.ar\/%77%70%2d%6a%73%6f%6e\/wp\/v2\/posts\/2338","targetHints":{"allow":["GET"]}}],"collection":[{"href":"https:\/\/spatzenkutter.gob.ar\/%77%70%2d%6a%73%6f%6e\/wp\/v2\/posts"}],"about":[{"href":"https:\/\/spatzenkutter.gob.ar\/%77%70%2d%6a%73%6f%6e\/wp\/v2\/types\/post"}],"author":[{"embeddable":true,"href":"https:\/\/spatzenkutter.gob.ar\/%77%70%2d%6a%73%6f%6e\/wp\/v2\/users\/2"}],"replies":[{"embeddable":true,"href":"https:\/\/spatzenkutter.gob.ar\/%77%70%2d%6a%73%6f%6e\/wp\/v2\/comments?post=2338"}],"version-history":[{"count":1,"href":"https:\/\/spatzenkutter.gob.ar\/%77%70%2d%6a%73%6f%6e\/wp\/v2\/posts\/2338\/revisions"}],"predecessor-version":[{"id":2340,"href":"https:\/\/spatzenkutter.gob.ar\/%77%70%2d%6a%73%6f%6e\/wp\/v2\/posts\/2338\/revisions\/2340"}],"wp:featuredmedia":[{"embeddable":true,"href":"https:\/\/spatzenkutter.gob.ar\/%77%70%2d%6a%73%6f%6e\/wp\/v2\/media\/2339"}],"wp:attachment":[{"href":"https:\/\/spatzenkutter.gob.ar\/%77%70%2d%6a%73%6f%6e\/wp\/v2\/media?parent=2338"}],"wp:term":[{"taxonomy":"category","embeddable":true,"href":"https:\/\/spatzenkutter.gob.ar\/%77%70%2d%6a%73%6f%6e\/wp\/v2\/categories?post=2338"},{"taxonomy":"post_tag","embeddable":true,"href":"https:\/\/spatzenkutter.gob.ar\/%77%70%2d%6a%73%6f%6e\/wp\/v2\/tags?post=2338"}],"curies":[{"name":"wp","href":"https:\/\/api.w.org\/{rel}","templated":true}]}}