{"id":2347,"date":"2024-11-22T14:21:44","date_gmt":"2024-11-22T14:21:44","guid":{"rendered":"https:\/\/spatzenkutter.gob.ar\/?p=2347"},"modified":"2024-11-22T14:22:49","modified_gmt":"2024-11-22T14:22:49","slug":"spatzenkutter-reiluminacion-led-sobre-boulevard-del-sol","status":"publish","type":"post","link":"https:\/\/spatzenkutter.gob.ar\/spatzenkutter-reiluminacion-led-sobre-boulevard-del-sol\/","title":{"rendered":"Reiluminaci\u00f3n LED sobre Boulevard del Sol"},"content":{"rendered":"<p>Nuestra Comuna realiz\u00f3 trabajos de reiluminaci\u00f3n LED sobre Boulevard del Sol. <\/p>\n<p>Este viernes 22 de noviembre comenzamos a colocar las nuevas columnas y artefactos lum\u00ednicos sobre la avenida. <\/p>\n<p>Los trabajos son realizados \u00edntegramente por nuestro personal comunal, siendo una obra financiada por la Comuna  en su totalidad. <\/p>\n","protected":false},"excerpt":{"rendered":"<p>Nuestra Comuna realiz\u00f3 trabajos de reiluminaci\u00f3n LED sobre Boulevard del Sol. Este viernes 22 de noviembre comenzamos a colocar las nuevas columnas y artefactos lum\u00ednicos sobre la avenida. Los trabajos&hellip;<\/p>\n","protected":false},"author":2,"featured_media":2348,"comment_status":"open","ping_status":"open","sticky":false,"template":"","format":"standard","meta":{"_lmt_disableupdate":"","_lmt_disable":"","footnotes":""},"categories":[10],"tags":[91],"class_list":["post-2347","post","type-post","status-publish","format-standard","has-post-thumbnail","hentry","category-noticias","tag-iluminacion"],"_links":{"self":[{"href":"https:\/\/spatzenkutter.gob.ar\/%77%70%2d%6a%73%6f%6e\/wp\/v2\/posts\/2347","targetHints":{"allow":["GET"]}}],"collection":[{"href":"https:\/\/spatzenkutter.gob.ar\/%77%70%2d%6a%73%6f%6e\/wp\/v2\/posts"}],"about":[{"href":"https:\/\/spatzenkutter.gob.ar\/%77%70%2d%6a%73%6f%6e\/wp\/v2\/types\/post"}],"author":[{"embeddable":true,"href":"https:\/\/spatzenkutter.gob.ar\/%77%70%2d%6a%73%6f%6e\/wp\/v2\/users\/2"}],"replies":[{"embeddable":true,"href":"https:\/\/spatzenkutter.gob.ar\/%77%70%2d%6a%73%6f%6e\/wp\/v2\/comments?post=2347"}],"version-history":[{"count":2,"href":"https:\/\/spatzenkutter.gob.ar\/%77%70%2d%6a%73%6f%6e\/wp\/v2\/posts\/2347\/revisions"}],"predecessor-version":[{"id":2350,"href":"https:\/\/spatzenkutter.gob.ar\/%77%70%2d%6a%73%6f%6e\/wp\/v2\/posts\/2347\/revisions\/2350"}],"wp:featuredmedia":[{"embeddable":true,"href":"https:\/\/spatzenkutter.gob.ar\/%77%70%2d%6a%73%6f%6e\/wp\/v2\/media\/2348"}],"wp:attachment":[{"href":"https:\/\/spatzenkutter.gob.ar\/%77%70%2d%6a%73%6f%6e\/wp\/v2\/media?parent=2347"}],"wp:term":[{"taxonomy":"category","embeddable":true,"href":"https:\/\/spatzenkutter.gob.ar\/%77%70%2d%6a%73%6f%6e\/wp\/v2\/categories?post=2347"},{"taxonomy":"post_tag","embeddable":true,"href":"https:\/\/spatzenkutter.gob.ar\/%77%70%2d%6a%73%6f%6e\/wp\/v2\/tags?post=2347"}],"curies":[{"name":"wp","href":"https:\/\/api.w.org\/{rel}","templated":true}]}}