{"id":2354,"date":"2024-11-28T13:33:19","date_gmt":"2024-11-28T13:33:19","guid":{"rendered":"https:\/\/spatzenkutter.gob.ar\/?p=2354"},"modified":"2024-11-28T13:34:41","modified_gmt":"2024-11-28T13:34:41","slug":"indicaron-que-es-el-fruto-al-trabajo-constante-hoy-nuestra-aldea-cuenta-con-el-100-de-luminarias-led-esto-implica-mayor-iluminacion-menor-consumo-enor-mantenimiento-y-mas-seguridad-y-efic","status":"publish","type":"post","link":"https:\/\/spatzenkutter.gob.ar\/indicaron-que-es-el-fruto-al-trabajo-constante-hoy-nuestra-aldea-cuenta-con-el-100-de-luminarias-led-esto-implica-mayor-iluminacion-menor-consumo-enor-mantenimiento-y-mas-seguridad-y-efic\/","title":{"rendered":"Aldea Spatzenkutter con 100% de luminarias LED"},"content":{"rendered":"<p>El Boulevard Del Sol qued\u00f3 reiluminado de punta a punta. <\/p>\n<p>Es el fruto al trabajo constante. Hoy nuestra Aldea cuenta con el 100% de luminarias LED. Esto implica mayor iluminaci\u00f3n, menor consumo, enor mantenimiento y m\u00e1s seguridad y eficiencia.<\/p>\n<p>Es una obra 100% financiada por nuestra Comuna y realizada \u00edntegramente por nuestro personal.<\/p>\n<p>La obra incluy\u00f3 la fabricaci\u00f3n de las nuevas columnas, remoci\u00f3n de las anteriores, colocaci\u00f3n con nuevas bases de hormig\u00f3n y posterior conexi\u00f3n, todo realizado con herramientas propias, dando como resultado la real transformaci\u00f3n del hermoso boulevard. <\/p>\n","protected":false},"excerpt":{"rendered":"<p>El Boulevard Del Sol qued\u00f3 reiluminado de punta a punta. Es el fruto al trabajo constante. Hoy nuestra Aldea cuenta con el 100% de luminarias LED. Esto implica mayor iluminaci\u00f3n,&hellip;<\/p>\n","protected":false},"author":2,"featured_media":2355,"comment_status":"open","ping_status":"open","sticky":false,"template":"","format":"standard","meta":{"_lmt_disableupdate":"","_lmt_disable":"","footnotes":""},"categories":[10],"tags":[95],"class_list":["post-2354","post","type-post","status-publish","format-standard","has-post-thumbnail","hentry","category-noticias","tag-iluminacion-led"],"_links":{"self":[{"href":"https:\/\/spatzenkutter.gob.ar\/%77%70%2d%6a%73%6f%6e\/wp\/v2\/posts\/2354","targetHints":{"allow":["GET"]}}],"collection":[{"href":"https:\/\/spatzenkutter.gob.ar\/%77%70%2d%6a%73%6f%6e\/wp\/v2\/posts"}],"about":[{"href":"https:\/\/spatzenkutter.gob.ar\/%77%70%2d%6a%73%6f%6e\/wp\/v2\/types\/post"}],"author":[{"embeddable":true,"href":"https:\/\/spatzenkutter.gob.ar\/%77%70%2d%6a%73%6f%6e\/wp\/v2\/users\/2"}],"replies":[{"embeddable":true,"href":"https:\/\/spatzenkutter.gob.ar\/%77%70%2d%6a%73%6f%6e\/wp\/v2\/comments?post=2354"}],"version-history":[{"count":2,"href":"https:\/\/spatzenkutter.gob.ar\/%77%70%2d%6a%73%6f%6e\/wp\/v2\/posts\/2354\/revisions"}],"predecessor-version":[{"id":2357,"href":"https:\/\/spatzenkutter.gob.ar\/%77%70%2d%6a%73%6f%6e\/wp\/v2\/posts\/2354\/revisions\/2357"}],"wp:featuredmedia":[{"embeddable":true,"href":"https:\/\/spatzenkutter.gob.ar\/%77%70%2d%6a%73%6f%6e\/wp\/v2\/media\/2355"}],"wp:attachment":[{"href":"https:\/\/spatzenkutter.gob.ar\/%77%70%2d%6a%73%6f%6e\/wp\/v2\/media?parent=2354"}],"wp:term":[{"taxonomy":"category","embeddable":true,"href":"https:\/\/spatzenkutter.gob.ar\/%77%70%2d%6a%73%6f%6e\/wp\/v2\/categories?post=2354"},{"taxonomy":"post_tag","embeddable":true,"href":"https:\/\/spatzenkutter.gob.ar\/%77%70%2d%6a%73%6f%6e\/wp\/v2\/tags?post=2354"}],"curies":[{"name":"wp","href":"https:\/\/api.w.org\/{rel}","templated":true}]}}