{"id":2371,"date":"2025-01-20T15:06:58","date_gmt":"2025-01-20T15:06:58","guid":{"rendered":"https:\/\/spatzenkutter.gob.ar\/?p=2371"},"modified":"2025-01-20T15:06:58","modified_gmt":"2025-01-20T15:06:58","slug":"adquisicion-de-electrocardiografo-para-nuestro-centro-de-salud","status":"publish","type":"post","link":"https:\/\/spatzenkutter.gob.ar\/adquisicion-de-electrocardiografo-para-nuestro-centro-de-salud\/","title":{"rendered":"Adquisici\u00f3n de electrocardi\u00f3grafo para nuestro Centro de Salud"},"content":{"rendered":"<p>Mediante gestiones realizadas desde la Comuna ante Salud P\u00fablica de la provincia, se realiz\u00f3 la solicitud en conjunto con el Centro de salud Maip\u00fa de nuestra localidad.<\/p>\n<p>Hoy este fundamental instrumento ya es una realidad y ser\u00e1 de gran utilidad por parte de la cardi\u00f3loga, Ail\u00e9n Schonalz. <\/p>\n<p>Agradecemos al Ministro de salud de la Provincia de Entre R\u00edos Dr. Guillermo Grieve. Es un trabajo en conjunto que genera hechos reales y beneficios para nuestra comunidad. <\/p>\n","protected":false},"excerpt":{"rendered":"<p>Mediante gestiones realizadas desde la Comuna ante Salud P\u00fablica de la provincia, se realiz\u00f3 la solicitud en conjunto con el Centro de salud Maip\u00fa de nuestra localidad. Hoy este fundamental&hellip;<\/p>\n","protected":false},"author":2,"featured_media":2372,"comment_status":"open","ping_status":"open","sticky":false,"template":"","format":"standard","meta":{"_lmt_disableupdate":"","_lmt_disable":"","footnotes":""},"categories":[10],"tags":[40],"class_list":["post-2371","post","type-post","status-publish","format-standard","has-post-thumbnail","hentry","category-noticias","tag-spatzenkutter"],"_links":{"self":[{"href":"https:\/\/spatzenkutter.gob.ar\/%77%70%2d%6a%73%6f%6e\/wp\/v2\/posts\/2371","targetHints":{"allow":["GET"]}}],"collection":[{"href":"https:\/\/spatzenkutter.gob.ar\/%77%70%2d%6a%73%6f%6e\/wp\/v2\/posts"}],"about":[{"href":"https:\/\/spatzenkutter.gob.ar\/%77%70%2d%6a%73%6f%6e\/wp\/v2\/types\/post"}],"author":[{"embeddable":true,"href":"https:\/\/spatzenkutter.gob.ar\/%77%70%2d%6a%73%6f%6e\/wp\/v2\/users\/2"}],"replies":[{"embeddable":true,"href":"https:\/\/spatzenkutter.gob.ar\/%77%70%2d%6a%73%6f%6e\/wp\/v2\/comments?post=2371"}],"version-history":[{"count":1,"href":"https:\/\/spatzenkutter.gob.ar\/%77%70%2d%6a%73%6f%6e\/wp\/v2\/posts\/2371\/revisions"}],"predecessor-version":[{"id":2373,"href":"https:\/\/spatzenkutter.gob.ar\/%77%70%2d%6a%73%6f%6e\/wp\/v2\/posts\/2371\/revisions\/2373"}],"wp:featuredmedia":[{"embeddable":true,"href":"https:\/\/spatzenkutter.gob.ar\/%77%70%2d%6a%73%6f%6e\/wp\/v2\/media\/2372"}],"wp:attachment":[{"href":"https:\/\/spatzenkutter.gob.ar\/%77%70%2d%6a%73%6f%6e\/wp\/v2\/media?parent=2371"}],"wp:term":[{"taxonomy":"category","embeddable":true,"href":"https:\/\/spatzenkutter.gob.ar\/%77%70%2d%6a%73%6f%6e\/wp\/v2\/categories?post=2371"},{"taxonomy":"post_tag","embeddable":true,"href":"https:\/\/spatzenkutter.gob.ar\/%77%70%2d%6a%73%6f%6e\/wp\/v2\/tags?post=2371"}],"curies":[{"name":"wp","href":"https:\/\/api.w.org\/{rel}","templated":true}]}}