{"id":2377,"date":"2025-02-17T14:37:35","date_gmt":"2025-02-17T14:37:35","guid":{"rendered":"https:\/\/spatzenkutter.gob.ar\/?p=2377"},"modified":"2025-02-17T14:37:35","modified_gmt":"2025-02-17T14:37:35","slug":"taller-gratuito-de-musica","status":"publish","type":"post","link":"https:\/\/spatzenkutter.gob.ar\/taller-gratuito-de-musica\/","title":{"rendered":"Taller Gratuito de M\u00fasica"},"content":{"rendered":"<p>Nuestra Comuna invita a quienes quieran ser parte del Taller Gratuito de M\u00fasica, que se desarrollar\u00e1 desde el 11 de marzo, en la Casa de la Cultura Marienfeld y a cargo de la Prof. Meli Strauch.<\/p>\n<p>Interesados en inscribirse o pedir m\u00e1s informaci\u00f3n pueden comunicarse con ella, al celular 3434662599. <\/p>\n<p>Ser\u00e1 el primero de muchos cursos y propuestas que el ente gubernamental viene programando para este 2025. <\/p>\n","protected":false},"excerpt":{"rendered":"<p>Nuestra Comuna invita a quienes quieran ser parte del Taller Gratuito de M\u00fasica, que se desarrollar\u00e1 desde el 11 de marzo, en la Casa de la Cultura Marienfeld y a&hellip;<\/p>\n","protected":false},"author":2,"featured_media":2378,"comment_status":"open","ping_status":"open","sticky":false,"template":"","format":"standard","meta":{"_lmt_disableupdate":"","_lmt_disable":"","footnotes":""},"categories":[10],"tags":[39,45],"class_list":["post-2377","post","type-post","status-publish","format-standard","has-post-thumbnail","hentry","category-noticias","tag-cultura","tag-musica"],"_links":{"self":[{"href":"https:\/\/spatzenkutter.gob.ar\/%77%70%2d%6a%73%6f%6e\/wp\/v2\/posts\/2377","targetHints":{"allow":["GET"]}}],"collection":[{"href":"https:\/\/spatzenkutter.gob.ar\/%77%70%2d%6a%73%6f%6e\/wp\/v2\/posts"}],"about":[{"href":"https:\/\/spatzenkutter.gob.ar\/%77%70%2d%6a%73%6f%6e\/wp\/v2\/types\/post"}],"author":[{"embeddable":true,"href":"https:\/\/spatzenkutter.gob.ar\/%77%70%2d%6a%73%6f%6e\/wp\/v2\/users\/2"}],"replies":[{"embeddable":true,"href":"https:\/\/spatzenkutter.gob.ar\/%77%70%2d%6a%73%6f%6e\/wp\/v2\/comments?post=2377"}],"version-history":[{"count":1,"href":"https:\/\/spatzenkutter.gob.ar\/%77%70%2d%6a%73%6f%6e\/wp\/v2\/posts\/2377\/revisions"}],"predecessor-version":[{"id":2379,"href":"https:\/\/spatzenkutter.gob.ar\/%77%70%2d%6a%73%6f%6e\/wp\/v2\/posts\/2377\/revisions\/2379"}],"wp:featuredmedia":[{"embeddable":true,"href":"https:\/\/spatzenkutter.gob.ar\/%77%70%2d%6a%73%6f%6e\/wp\/v2\/media\/2378"}],"wp:attachment":[{"href":"https:\/\/spatzenkutter.gob.ar\/%77%70%2d%6a%73%6f%6e\/wp\/v2\/media?parent=2377"}],"wp:term":[{"taxonomy":"category","embeddable":true,"href":"https:\/\/spatzenkutter.gob.ar\/%77%70%2d%6a%73%6f%6e\/wp\/v2\/categories?post=2377"},{"taxonomy":"post_tag","embeddable":true,"href":"https:\/\/spatzenkutter.gob.ar\/%77%70%2d%6a%73%6f%6e\/wp\/v2\/tags?post=2377"}],"curies":[{"name":"wp","href":"https:\/\/api.w.org\/{rel}","templated":true}]}}