{"id":2381,"date":"2025-02-19T13:07:38","date_gmt":"2025-02-19T13:07:38","guid":{"rendered":"https:\/\/spatzenkutter.gob.ar\/?p=2381"},"modified":"2025-02-19T13:07:38","modified_gmt":"2025-02-19T13:07:38","slug":"taller-de-porcelana-fria","status":"publish","type":"post","link":"https:\/\/spatzenkutter.gob.ar\/taller-de-porcelana-fria\/","title":{"rendered":"Taller de Porcelana Fr\u00eda"},"content":{"rendered":"<p>Informamos a nuestra comunidad que ya se encuentran abiertas las inscripciones para el nuevo taller que ofrece la Comuna, de Porcelana Fr\u00eda, gratuito, para ni\u00f1os y adultos.<\/p>\n<p>Con d\u00edas y horarios a confirmar y materiales incluidos, se llevar\u00e1 a cabo en nuestra Casa de Cultura Marienfeld.<\/p>\n<p>Para pedir m\u00e1s informaci\u00f3n, comunicate con Joana Roskopf al 343 5014979. <\/p>\n<p>Pr\u00f3ximamente te daremos m\u00e1s informaci\u00f3n. Por ahora, and\u00e1 prepar\u00e1ndote\u2026<\/p>\n","protected":false},"excerpt":{"rendered":"<p>Informamos a nuestra comunidad que ya se encuentran abiertas las inscripciones para el nuevo taller que ofrece la Comuna, de Porcelana Fr\u00eda, gratuito, para ni\u00f1os y adultos. Con d\u00edas y&hellip;<\/p>\n","protected":false},"author":2,"featured_media":2382,"comment_status":"open","ping_status":"open","sticky":false,"template":"","format":"standard","meta":{"_lmt_disableupdate":"","_lmt_disable":"","footnotes":""},"categories":[10],"tags":[96],"class_list":["post-2381","post","type-post","status-publish","format-standard","has-post-thumbnail","hentry","category-noticias","tag-talleres"],"_links":{"self":[{"href":"https:\/\/spatzenkutter.gob.ar\/%77%70%2d%6a%73%6f%6e\/wp\/v2\/posts\/2381","targetHints":{"allow":["GET"]}}],"collection":[{"href":"https:\/\/spatzenkutter.gob.ar\/%77%70%2d%6a%73%6f%6e\/wp\/v2\/posts"}],"about":[{"href":"https:\/\/spatzenkutter.gob.ar\/%77%70%2d%6a%73%6f%6e\/wp\/v2\/types\/post"}],"author":[{"embeddable":true,"href":"https:\/\/spatzenkutter.gob.ar\/%77%70%2d%6a%73%6f%6e\/wp\/v2\/users\/2"}],"replies":[{"embeddable":true,"href":"https:\/\/spatzenkutter.gob.ar\/%77%70%2d%6a%73%6f%6e\/wp\/v2\/comments?post=2381"}],"version-history":[{"count":1,"href":"https:\/\/spatzenkutter.gob.ar\/%77%70%2d%6a%73%6f%6e\/wp\/v2\/posts\/2381\/revisions"}],"predecessor-version":[{"id":2383,"href":"https:\/\/spatzenkutter.gob.ar\/%77%70%2d%6a%73%6f%6e\/wp\/v2\/posts\/2381\/revisions\/2383"}],"wp:featuredmedia":[{"embeddable":true,"href":"https:\/\/spatzenkutter.gob.ar\/%77%70%2d%6a%73%6f%6e\/wp\/v2\/media\/2382"}],"wp:attachment":[{"href":"https:\/\/spatzenkutter.gob.ar\/%77%70%2d%6a%73%6f%6e\/wp\/v2\/media?parent=2381"}],"wp:term":[{"taxonomy":"category","embeddable":true,"href":"https:\/\/spatzenkutter.gob.ar\/%77%70%2d%6a%73%6f%6e\/wp\/v2\/categories?post=2381"},{"taxonomy":"post_tag","embeddable":true,"href":"https:\/\/spatzenkutter.gob.ar\/%77%70%2d%6a%73%6f%6e\/wp\/v2\/tags?post=2381"}],"curies":[{"name":"wp","href":"https:\/\/api.w.org\/{rel}","templated":true}]}}