{"id":2384,"date":"2025-02-20T13:56:52","date_gmt":"2025-02-20T13:56:52","guid":{"rendered":"https:\/\/spatzenkutter.gob.ar\/?p=2384"},"modified":"2025-02-20T13:56:52","modified_gmt":"2025-02-20T13:56:52","slug":"taller-de-arte-para-nuestra-ninez","status":"publish","type":"post","link":"https:\/\/spatzenkutter.gob.ar\/taller-de-arte-para-nuestra-ninez\/","title":{"rendered":"Taller de Arte para nuestra ni\u00f1ez"},"content":{"rendered":"<p>Informamos que ya se encuentran abiertas las inscripciones para el otro taller que ofreceremos la Comuna, de Arte, gratuito, para ni\u00f1os y ni\u00f1as.<\/p>\n<p>Se llevar\u00e1 a cabo en la Casa de Cultura Marienfeld los lunes de 18.00 a 19.00.<\/p>\n<p>Para pedir m\u00e1s informaci\u00f3n, comunicarse con la Profesora Vivi Haberkorn, al 343 6114576. <\/p>\n","protected":false},"excerpt":{"rendered":"<p>Informamos que ya se encuentran abiertas las inscripciones para el otro taller que ofreceremos la Comuna, de Arte, gratuito, para ni\u00f1os y ni\u00f1as. Se llevar\u00e1 a cabo en la Casa&hellip;<\/p>\n","protected":false},"author":2,"featured_media":2385,"comment_status":"open","ping_status":"open","sticky":false,"template":"","format":"standard","meta":{"_lmt_disableupdate":"","_lmt_disable":"","footnotes":""},"categories":[10],"tags":[97],"class_list":["post-2384","post","type-post","status-publish","format-standard","has-post-thumbnail","hentry","category-noticias","tag-taller-de-arte"],"_links":{"self":[{"href":"https:\/\/spatzenkutter.gob.ar\/%77%70%2d%6a%73%6f%6e\/wp\/v2\/posts\/2384","targetHints":{"allow":["GET"]}}],"collection":[{"href":"https:\/\/spatzenkutter.gob.ar\/%77%70%2d%6a%73%6f%6e\/wp\/v2\/posts"}],"about":[{"href":"https:\/\/spatzenkutter.gob.ar\/%77%70%2d%6a%73%6f%6e\/wp\/v2\/types\/post"}],"author":[{"embeddable":true,"href":"https:\/\/spatzenkutter.gob.ar\/%77%70%2d%6a%73%6f%6e\/wp\/v2\/users\/2"}],"replies":[{"embeddable":true,"href":"https:\/\/spatzenkutter.gob.ar\/%77%70%2d%6a%73%6f%6e\/wp\/v2\/comments?post=2384"}],"version-history":[{"count":1,"href":"https:\/\/spatzenkutter.gob.ar\/%77%70%2d%6a%73%6f%6e\/wp\/v2\/posts\/2384\/revisions"}],"predecessor-version":[{"id":2386,"href":"https:\/\/spatzenkutter.gob.ar\/%77%70%2d%6a%73%6f%6e\/wp\/v2\/posts\/2384\/revisions\/2386"}],"wp:featuredmedia":[{"embeddable":true,"href":"https:\/\/spatzenkutter.gob.ar\/%77%70%2d%6a%73%6f%6e\/wp\/v2\/media\/2385"}],"wp:attachment":[{"href":"https:\/\/spatzenkutter.gob.ar\/%77%70%2d%6a%73%6f%6e\/wp\/v2\/media?parent=2384"}],"wp:term":[{"taxonomy":"category","embeddable":true,"href":"https:\/\/spatzenkutter.gob.ar\/%77%70%2d%6a%73%6f%6e\/wp\/v2\/categories?post=2384"},{"taxonomy":"post_tag","embeddable":true,"href":"https:\/\/spatzenkutter.gob.ar\/%77%70%2d%6a%73%6f%6e\/wp\/v2\/tags?post=2384"}],"curies":[{"name":"wp","href":"https:\/\/api.w.org\/{rel}","templated":true}]}}