{"id":2390,"date":"2025-02-25T19:40:33","date_gmt":"2025-02-25T19:40:33","guid":{"rendered":"https:\/\/spatzenkutter.gob.ar\/?p=2390"},"modified":"2025-02-25T19:40:33","modified_gmt":"2025-02-25T19:40:33","slug":"seguimos-sumando-talleres-para-nuestra-comunidad","status":"publish","type":"post","link":"https:\/\/spatzenkutter.gob.ar\/seguimos-sumando-talleres-para-nuestra-comunidad\/","title":{"rendered":"Seguimos sumando talleres para nuestra comunidad"},"content":{"rendered":"<p>Invitamos a los interesados a sumarse al Taller de Estimulaci\u00f3n Cognitiva para adultos mayores, a cargo de la Licenciada en Psicolog\u00eda Pamela Rohr. El comienzo es en abril y las consultas se reciben al 3434054332.<\/p>\n<p><img fetchpriority=\"high\" decoding=\"async\" src=\"https:\/\/spatzenkutter.gob.ar\/%77%70%2d%63%6f%6e%74%65%6e%74\/uploads\/2025\/02\/d0af9078-c0d1-4b58-bdbd-60e01e3f4727-733x1024.jpg\" alt=\"\" width=\"733\" height=\"1024\" class=\"alignnone size-large wp-image-2391\" srcset=\"https:\/\/spatzenkutter.gob.ar\/%77%70%2d%63%6f%6e%74%65%6e%74\/uploads\/2025\/02\/d0af9078-c0d1-4b58-bdbd-60e01e3f4727-733x1024.jpg 733w, https:\/\/spatzenkutter.gob.ar\/%77%70%2d%63%6f%6e%74%65%6e%74\/uploads\/2025\/02\/d0af9078-c0d1-4b58-bdbd-60e01e3f4727-215x300.jpg 215w, https:\/\/spatzenkutter.gob.ar\/%77%70%2d%63%6f%6e%74%65%6e%74\/uploads\/2025\/02\/d0af9078-c0d1-4b58-bdbd-60e01e3f4727-768x1072.jpg 768w, https:\/\/spatzenkutter.gob.ar\/%77%70%2d%63%6f%6e%74%65%6e%74\/uploads\/2025\/02\/d0af9078-c0d1-4b58-bdbd-60e01e3f4727-585x817.jpg 585w, https:\/\/spatzenkutter.gob.ar\/%77%70%2d%63%6f%6e%74%65%6e%74\/uploads\/2025\/02\/d0af9078-c0d1-4b58-bdbd-60e01e3f4727.jpg 959w\" sizes=\"(max-width: 733px) 100vw, 733px\" \/><\/p>\n<p>La invitaci\u00f3n a sumarse se extiende a quienes quieran ser parte del Taller de Gimnasia para Adultos Mayores, que se iniciar\u00e1 el 1 de abril, en la Casa de la Cultura Marienfeld y a cargo del Prof. Bruno Roskopf. Interesados en inscribirse o pedir m\u00e1s informaci\u00f3n pueden comunicarse al celular 3434603302. <\/p>\n<p><img decoding=\"async\" src=\"https:\/\/spatzenkutter.gob.ar\/%77%70%2d%63%6f%6e%74%65%6e%74\/uploads\/2025\/02\/1225632b-9a93-4b21-8425-845da97a318e-719x1024.jpg\" alt=\"\" width=\"719\" height=\"1024\" class=\"alignnone size-large wp-image-2392\" srcset=\"https:\/\/spatzenkutter.gob.ar\/%77%70%2d%63%6f%6e%74%65%6e%74\/uploads\/2025\/02\/1225632b-9a93-4b21-8425-845da97a318e-719x1024.jpg 719w, https:\/\/spatzenkutter.gob.ar\/%77%70%2d%63%6f%6e%74%65%6e%74\/uploads\/2025\/02\/1225632b-9a93-4b21-8425-845da97a318e-211x300.jpg 211w, https:\/\/spatzenkutter.gob.ar\/%77%70%2d%63%6f%6e%74%65%6e%74\/uploads\/2025\/02\/1225632b-9a93-4b21-8425-845da97a318e-768x1094.jpg 768w, https:\/\/spatzenkutter.gob.ar\/%77%70%2d%63%6f%6e%74%65%6e%74\/uploads\/2025\/02\/1225632b-9a93-4b21-8425-845da97a318e-585x833.jpg 585w, https:\/\/spatzenkutter.gob.ar\/%77%70%2d%63%6f%6e%74%65%6e%74\/uploads\/2025\/02\/1225632b-9a93-4b21-8425-845da97a318e.jpg 960w\" sizes=\"(max-width: 719px) 100vw, 719px\" \/><\/p>\n<p>Por otro lado, est\u00e1 la propuesta de la Escuela de F\u00fatbol, tambi\u00e9n a cargo de Roskopf.  Los entrenamientos comenzar\u00e1n en abril, en el Club Atl\u00e9tico Juventud Unida. Interesados en inscribirse o pedir m\u00e1s informaci\u00f3n pueden comunicarse al mismo tel\u00e9fono. <\/p>\n<p><img decoding=\"async\" src=\"https:\/\/spatzenkutter.gob.ar\/%77%70%2d%63%6f%6e%74%65%6e%74\/uploads\/2025\/02\/ebe8fb84-9c03-4a93-b695-f9c7ea129896-734x1024.jpg\" alt=\"\" width=\"734\" height=\"1024\" class=\"alignnone size-large wp-image-2393\" srcset=\"https:\/\/spatzenkutter.gob.ar\/%77%70%2d%63%6f%6e%74%65%6e%74\/uploads\/2025\/02\/ebe8fb84-9c03-4a93-b695-f9c7ea129896-734x1024.jpg 734w, https:\/\/spatzenkutter.gob.ar\/%77%70%2d%63%6f%6e%74%65%6e%74\/uploads\/2025\/02\/ebe8fb84-9c03-4a93-b695-f9c7ea129896-215x300.jpg 215w, https:\/\/spatzenkutter.gob.ar\/%77%70%2d%63%6f%6e%74%65%6e%74\/uploads\/2025\/02\/ebe8fb84-9c03-4a93-b695-f9c7ea129896-768x1072.jpg 768w, https:\/\/spatzenkutter.gob.ar\/%77%70%2d%63%6f%6e%74%65%6e%74\/uploads\/2025\/02\/ebe8fb84-9c03-4a93-b695-f9c7ea129896-585x817.jpg 585w, https:\/\/spatzenkutter.gob.ar\/%77%70%2d%63%6f%6e%74%65%6e%74\/uploads\/2025\/02\/ebe8fb84-9c03-4a93-b695-f9c7ea129896.jpg 960w\" sizes=\"(max-width: 734px) 100vw, 734px\" \/><\/p>\n","protected":false},"excerpt":{"rendered":"<p>Invitamos a los interesados a sumarse al Taller de Estimulaci\u00f3n Cognitiva para adultos mayores, a cargo de la Licenciada en Psicolog\u00eda Pamela Rohr. El comienzo es en abril y las&hellip;<\/p>\n","protected":false},"author":2,"featured_media":2391,"comment_status":"open","ping_status":"open","sticky":false,"template":"","format":"standard","meta":{"_lmt_disableupdate":"","_lmt_disable":"","footnotes":""},"categories":[10],"tags":[96],"class_list":["post-2390","post","type-post","status-publish","format-standard","has-post-thumbnail","hentry","category-noticias","tag-talleres"],"_links":{"self":[{"href":"https:\/\/spatzenkutter.gob.ar\/%77%70%2d%6a%73%6f%6e\/wp\/v2\/posts\/2390","targetHints":{"allow":["GET"]}}],"collection":[{"href":"https:\/\/spatzenkutter.gob.ar\/%77%70%2d%6a%73%6f%6e\/wp\/v2\/posts"}],"about":[{"href":"https:\/\/spatzenkutter.gob.ar\/%77%70%2d%6a%73%6f%6e\/wp\/v2\/types\/post"}],"author":[{"embeddable":true,"href":"https:\/\/spatzenkutter.gob.ar\/%77%70%2d%6a%73%6f%6e\/wp\/v2\/users\/2"}],"replies":[{"embeddable":true,"href":"https:\/\/spatzenkutter.gob.ar\/%77%70%2d%6a%73%6f%6e\/wp\/v2\/comments?post=2390"}],"version-history":[{"count":1,"href":"https:\/\/spatzenkutter.gob.ar\/%77%70%2d%6a%73%6f%6e\/wp\/v2\/posts\/2390\/revisions"}],"predecessor-version":[{"id":2394,"href":"https:\/\/spatzenkutter.gob.ar\/%77%70%2d%6a%73%6f%6e\/wp\/v2\/posts\/2390\/revisions\/2394"}],"wp:featuredmedia":[{"embeddable":true,"href":"https:\/\/spatzenkutter.gob.ar\/%77%70%2d%6a%73%6f%6e\/wp\/v2\/media\/2391"}],"wp:attachment":[{"href":"https:\/\/spatzenkutter.gob.ar\/%77%70%2d%6a%73%6f%6e\/wp\/v2\/media?parent=2390"}],"wp:term":[{"taxonomy":"category","embeddable":true,"href":"https:\/\/spatzenkutter.gob.ar\/%77%70%2d%6a%73%6f%6e\/wp\/v2\/categories?post=2390"},{"taxonomy":"post_tag","embeddable":true,"href":"https:\/\/spatzenkutter.gob.ar\/%77%70%2d%6a%73%6f%6e\/wp\/v2\/tags?post=2390"}],"curies":[{"name":"wp","href":"https:\/\/api.w.org\/{rel}","templated":true}]}}