{"id":2397,"date":"2025-03-11T19:37:50","date_gmt":"2025-03-11T19:37:50","guid":{"rendered":"https:\/\/spatzenkutter.gob.ar\/?p=2397"},"modified":"2025-03-11T19:37:50","modified_gmt":"2025-03-11T19:37:50","slug":"mas-cursos-de-capacitacion-laboral","status":"publish","type":"post","link":"https:\/\/spatzenkutter.gob.ar\/mas-cursos-de-capacitacion-laboral\/","title":{"rendered":"M\u00e1s cursos de capacitaci\u00f3n laboral"},"content":{"rendered":"<p>Desde la Comuna confirmamos nuevas propuestas de capacitaci\u00f3n laboral, todas gratuitas.<\/p>\n<p>Una es la de \u2018Gasista Matriculado\u2019, siendo un curso avalado por el Consejo General de Educaci\u00f3n. Se dictar\u00e1 los lunes y martes de 18.00 a 21.00 en el Sal\u00f3n de Usos M\u00faltiples Arnoldo Janssen, estando a cargo del Profesor Sergio Ocampo. Para pedir m\u00e1s informaci\u00f3n o anotarse, comunicarse al tel\u00e9fono 343 4728441.<\/p>\n<p><img fetchpriority=\"high\" decoding=\"async\" src=\"https:\/\/spatzenkutter.gob.ar\/%77%70%2d%63%6f%6e%74%65%6e%74\/uploads\/2025\/03\/1a49ea50-1310-4561-998b-75a88b5ab0fa-649x1024.jpg\" alt=\"\" width=\"649\" height=\"1024\" class=\"alignnone size-large wp-image-2398\" srcset=\"https:\/\/spatzenkutter.gob.ar\/%77%70%2d%63%6f%6e%74%65%6e%74\/uploads\/2025\/03\/1a49ea50-1310-4561-998b-75a88b5ab0fa-649x1024.jpg 649w, https:\/\/spatzenkutter.gob.ar\/%77%70%2d%63%6f%6e%74%65%6e%74\/uploads\/2025\/03\/1a49ea50-1310-4561-998b-75a88b5ab0fa-190x300.jpg 190w, https:\/\/spatzenkutter.gob.ar\/%77%70%2d%63%6f%6e%74%65%6e%74\/uploads\/2025\/03\/1a49ea50-1310-4561-998b-75a88b5ab0fa-585x923.jpg 585w, https:\/\/spatzenkutter.gob.ar\/%77%70%2d%63%6f%6e%74%65%6e%74\/uploads\/2025\/03\/1a49ea50-1310-4561-998b-75a88b5ab0fa.jpg 729w\" sizes=\"(max-width: 649px) 100vw, 649px\" \/><\/p>\n<p>Otra es el de \u2018Ayudante de Cocina\u2019, curso tambi\u00e9n avalado por el CGE, que se dictar\u00e1 los lunes y mi\u00e9rcoles en horario a convenir. Se dictar\u00e1 en el Sal\u00f3n Comunal, estando a cargo de Noelia Arias. M\u00e1s informaci\u00f3n al 343 5160179.<br \/>\n<img decoding=\"async\" src=\"https:\/\/spatzenkutter.gob.ar\/%77%70%2d%63%6f%6e%74%65%6e%74\/uploads\/2025\/03\/2e608868-cca9-442c-b3bb-71997a5a6594-735x1024.jpg\" alt=\"\" width=\"735\" height=\"1024\" class=\"alignnone size-large wp-image-2399\" srcset=\"https:\/\/spatzenkutter.gob.ar\/%77%70%2d%63%6f%6e%74%65%6e%74\/uploads\/2025\/03\/2e608868-cca9-442c-b3bb-71997a5a6594-735x1024.jpg 735w, https:\/\/spatzenkutter.gob.ar\/%77%70%2d%63%6f%6e%74%65%6e%74\/uploads\/2025\/03\/2e608868-cca9-442c-b3bb-71997a5a6594-215x300.jpg 215w, https:\/\/spatzenkutter.gob.ar\/%77%70%2d%63%6f%6e%74%65%6e%74\/uploads\/2025\/03\/2e608868-cca9-442c-b3bb-71997a5a6594-768x1070.jpg 768w, https:\/\/spatzenkutter.gob.ar\/%77%70%2d%63%6f%6e%74%65%6e%74\/uploads\/2025\/03\/2e608868-cca9-442c-b3bb-71997a5a6594-585x815.jpg 585w, https:\/\/spatzenkutter.gob.ar\/%77%70%2d%63%6f%6e%74%65%6e%74\/uploads\/2025\/03\/2e608868-cca9-442c-b3bb-71997a5a6594.jpg 960w\" sizes=\"(max-width: 735px) 100vw, 735px\" \/><\/p>\n<p>Y otra alternativa es la de \u2018Elaborador de Productos de Pasteler\u00eda\u2019 (avalado por el CGE) que se ofrecer\u00e1 los martes y jueves, tambi\u00e9n en horario a convenir, dict\u00e1ndose en el Sal\u00f3n Comunal. Contactos: 343 5301060 (Paola Guido).<br \/>\n<img decoding=\"async\" src=\"https:\/\/spatzenkutter.gob.ar\/%77%70%2d%63%6f%6e%74%65%6e%74\/uploads\/2025\/03\/70ea7686-b37a-408c-9de8-69b3a8741ba1-732x1024.jpg\" alt=\"\" width=\"732\" height=\"1024\" class=\"alignnone size-large wp-image-2400\" srcset=\"https:\/\/spatzenkutter.gob.ar\/%77%70%2d%63%6f%6e%74%65%6e%74\/uploads\/2025\/03\/70ea7686-b37a-408c-9de8-69b3a8741ba1-732x1024.jpg 732w, https:\/\/spatzenkutter.gob.ar\/%77%70%2d%63%6f%6e%74%65%6e%74\/uploads\/2025\/03\/70ea7686-b37a-408c-9de8-69b3a8741ba1-214x300.jpg 214w, https:\/\/spatzenkutter.gob.ar\/%77%70%2d%63%6f%6e%74%65%6e%74\/uploads\/2025\/03\/70ea7686-b37a-408c-9de8-69b3a8741ba1-768x1074.jpg 768w, https:\/\/spatzenkutter.gob.ar\/%77%70%2d%63%6f%6e%74%65%6e%74\/uploads\/2025\/03\/70ea7686-b37a-408c-9de8-69b3a8741ba1-585x818.jpg 585w, https:\/\/spatzenkutter.gob.ar\/%77%70%2d%63%6f%6e%74%65%6e%74\/uploads\/2025\/03\/70ea7686-b37a-408c-9de8-69b3a8741ba1.jpg 960w\" sizes=\"(max-width: 732px) 100vw, 732px\" \/><\/p>\n","protected":false},"excerpt":{"rendered":"<p>Desde la Comuna confirmamos nuevas propuestas de capacitaci\u00f3n laboral, todas gratuitas. Una es la de \u2018Gasista Matriculado\u2019, siendo un curso avalado por el Consejo General de Educaci\u00f3n. Se dictar\u00e1 los&hellip;<\/p>\n","protected":false},"author":2,"featured_media":2398,"comment_status":"open","ping_status":"open","sticky":false,"template":"","format":"standard","meta":{"_lmt_disableupdate":"","_lmt_disable":"","footnotes":""},"categories":[10],"tags":[40],"class_list":["post-2397","post","type-post","status-publish","format-standard","has-post-thumbnail","hentry","category-noticias","tag-spatzenkutter"],"_links":{"self":[{"href":"https:\/\/spatzenkutter.gob.ar\/%77%70%2d%6a%73%6f%6e\/wp\/v2\/posts\/2397","targetHints":{"allow":["GET"]}}],"collection":[{"href":"https:\/\/spatzenkutter.gob.ar\/%77%70%2d%6a%73%6f%6e\/wp\/v2\/posts"}],"about":[{"href":"https:\/\/spatzenkutter.gob.ar\/%77%70%2d%6a%73%6f%6e\/wp\/v2\/types\/post"}],"author":[{"embeddable":true,"href":"https:\/\/spatzenkutter.gob.ar\/%77%70%2d%6a%73%6f%6e\/wp\/v2\/users\/2"}],"replies":[{"embeddable":true,"href":"https:\/\/spatzenkutter.gob.ar\/%77%70%2d%6a%73%6f%6e\/wp\/v2\/comments?post=2397"}],"version-history":[{"count":1,"href":"https:\/\/spatzenkutter.gob.ar\/%77%70%2d%6a%73%6f%6e\/wp\/v2\/posts\/2397\/revisions"}],"predecessor-version":[{"id":2401,"href":"https:\/\/spatzenkutter.gob.ar\/%77%70%2d%6a%73%6f%6e\/wp\/v2\/posts\/2397\/revisions\/2401"}],"wp:featuredmedia":[{"embeddable":true,"href":"https:\/\/spatzenkutter.gob.ar\/%77%70%2d%6a%73%6f%6e\/wp\/v2\/media\/2398"}],"wp:attachment":[{"href":"https:\/\/spatzenkutter.gob.ar\/%77%70%2d%6a%73%6f%6e\/wp\/v2\/media?parent=2397"}],"wp:term":[{"taxonomy":"category","embeddable":true,"href":"https:\/\/spatzenkutter.gob.ar\/%77%70%2d%6a%73%6f%6e\/wp\/v2\/categories?post=2397"},{"taxonomy":"post_tag","embeddable":true,"href":"https:\/\/spatzenkutter.gob.ar\/%77%70%2d%6a%73%6f%6e\/wp\/v2\/tags?post=2397"}],"curies":[{"name":"wp","href":"https:\/\/api.w.org\/{rel}","templated":true}]}}