{"id":2402,"date":"2025-03-12T14:07:36","date_gmt":"2025-03-12T14:07:36","guid":{"rendered":"https:\/\/spatzenkutter.gob.ar\/?p=2402"},"modified":"2025-03-12T14:07:36","modified_gmt":"2025-03-12T14:07:36","slug":"proponemos-clases-de-apoyo-escolar","status":"publish","type":"post","link":"https:\/\/spatzenkutter.gob.ar\/proponemos-clases-de-apoyo-escolar\/","title":{"rendered":"Proponemos clases de apoyo escolar"},"content":{"rendered":"<p>Desde abril se ofrecer\u00e1n clases de apoyo escolar gratuito, en modalidad presencial y\/o on line, para nivel primario (los s\u00e1bados de 9.00 a 10.00) y secundario y terciario (tambi\u00e9n los s\u00e1bados, de 10.00 a 11.00). <\/p>\n<p>Se llevar\u00e1n a cabo en la Casa de Cultura Marienfeld, estando a cargo de la Profesora Liliana Stamm. Informaci\u00f3n e inscripciones al 343 4676642. <\/p>\n","protected":false},"excerpt":{"rendered":"<p>Desde abril se ofrecer\u00e1n clases de apoyo escolar gratuito, en modalidad presencial y\/o on line, para nivel primario (los s\u00e1bados de 9.00 a 10.00) y secundario y terciario (tambi\u00e9n los&hellip;<\/p>\n","protected":false},"author":2,"featured_media":2403,"comment_status":"open","ping_status":"open","sticky":false,"template":"","format":"standard","meta":{"_lmt_disableupdate":"","_lmt_disable":"","footnotes":""},"categories":[10],"tags":[98],"class_list":["post-2402","post","type-post","status-publish","format-standard","has-post-thumbnail","hentry","category-noticias","tag-clases"],"_links":{"self":[{"href":"https:\/\/spatzenkutter.gob.ar\/%77%70%2d%6a%73%6f%6e\/wp\/v2\/posts\/2402","targetHints":{"allow":["GET"]}}],"collection":[{"href":"https:\/\/spatzenkutter.gob.ar\/%77%70%2d%6a%73%6f%6e\/wp\/v2\/posts"}],"about":[{"href":"https:\/\/spatzenkutter.gob.ar\/%77%70%2d%6a%73%6f%6e\/wp\/v2\/types\/post"}],"author":[{"embeddable":true,"href":"https:\/\/spatzenkutter.gob.ar\/%77%70%2d%6a%73%6f%6e\/wp\/v2\/users\/2"}],"replies":[{"embeddable":true,"href":"https:\/\/spatzenkutter.gob.ar\/%77%70%2d%6a%73%6f%6e\/wp\/v2\/comments?post=2402"}],"version-history":[{"count":1,"href":"https:\/\/spatzenkutter.gob.ar\/%77%70%2d%6a%73%6f%6e\/wp\/v2\/posts\/2402\/revisions"}],"predecessor-version":[{"id":2404,"href":"https:\/\/spatzenkutter.gob.ar\/%77%70%2d%6a%73%6f%6e\/wp\/v2\/posts\/2402\/revisions\/2404"}],"wp:featuredmedia":[{"embeddable":true,"href":"https:\/\/spatzenkutter.gob.ar\/%77%70%2d%6a%73%6f%6e\/wp\/v2\/media\/2403"}],"wp:attachment":[{"href":"https:\/\/spatzenkutter.gob.ar\/%77%70%2d%6a%73%6f%6e\/wp\/v2\/media?parent=2402"}],"wp:term":[{"taxonomy":"category","embeddable":true,"href":"https:\/\/spatzenkutter.gob.ar\/%77%70%2d%6a%73%6f%6e\/wp\/v2\/categories?post=2402"},{"taxonomy":"post_tag","embeddable":true,"href":"https:\/\/spatzenkutter.gob.ar\/%77%70%2d%6a%73%6f%6e\/wp\/v2\/tags?post=2402"}],"curies":[{"name":"wp","href":"https:\/\/api.w.org\/{rel}","templated":true}]}}