{"id":2405,"date":"2025-03-17T14:46:39","date_gmt":"2025-03-17T14:46:39","guid":{"rendered":"https:\/\/spatzenkutter.gob.ar\/?p=2405"},"modified":"2025-03-17T14:46:39","modified_gmt":"2025-03-17T14:46:39","slug":"nuevas-luminarias-led-para-nuestra-plaza-libertad","status":"publish","type":"post","link":"https:\/\/spatzenkutter.gob.ar\/nuevas-luminarias-led-para-nuestra-plaza-libertad\/","title":{"rendered":"Nuevas luminarias LED para nuestra Plaza Libertad"},"content":{"rendered":"<p>Confirmamos la adquisici\u00f3n de 20 artefactos LED circulares de 100 W. Ser\u00e1n colocados en Plaza Libertad, realizando as\u00ed, el recambio en su totalidad.<\/p>\n<p>Estos nuevos artefactos brindar\u00e1n mayor iluminaci\u00f3n, m\u00e1s modernidad, m\u00e1s seguridad a los vecinos y a quienes visiten la aldea.<\/p>\n<p>Los trabajos estar\u00e1n a cargo de nuestro personal comunal especializado.<\/p>\n","protected":false},"excerpt":{"rendered":"<p>Confirmamos la adquisici\u00f3n de 20 artefactos LED circulares de 100 W. Ser\u00e1n colocados en Plaza Libertad, realizando as\u00ed, el recambio en su totalidad. Estos nuevos artefactos brindar\u00e1n mayor iluminaci\u00f3n, m\u00e1s&hellip;<\/p>\n","protected":false},"author":2,"featured_media":2406,"comment_status":"open","ping_status":"open","sticky":false,"template":"","format":"standard","meta":{"_lmt_disableupdate":"","_lmt_disable":"","footnotes":""},"categories":[10],"tags":[91],"class_list":["post-2405","post","type-post","status-publish","format-standard","has-post-thumbnail","hentry","category-noticias","tag-iluminacion"],"_links":{"self":[{"href":"https:\/\/spatzenkutter.gob.ar\/%77%70%2d%6a%73%6f%6e\/wp\/v2\/posts\/2405","targetHints":{"allow":["GET"]}}],"collection":[{"href":"https:\/\/spatzenkutter.gob.ar\/%77%70%2d%6a%73%6f%6e\/wp\/v2\/posts"}],"about":[{"href":"https:\/\/spatzenkutter.gob.ar\/%77%70%2d%6a%73%6f%6e\/wp\/v2\/types\/post"}],"author":[{"embeddable":true,"href":"https:\/\/spatzenkutter.gob.ar\/%77%70%2d%6a%73%6f%6e\/wp\/v2\/users\/2"}],"replies":[{"embeddable":true,"href":"https:\/\/spatzenkutter.gob.ar\/%77%70%2d%6a%73%6f%6e\/wp\/v2\/comments?post=2405"}],"version-history":[{"count":1,"href":"https:\/\/spatzenkutter.gob.ar\/%77%70%2d%6a%73%6f%6e\/wp\/v2\/posts\/2405\/revisions"}],"predecessor-version":[{"id":2407,"href":"https:\/\/spatzenkutter.gob.ar\/%77%70%2d%6a%73%6f%6e\/wp\/v2\/posts\/2405\/revisions\/2407"}],"wp:featuredmedia":[{"embeddable":true,"href":"https:\/\/spatzenkutter.gob.ar\/%77%70%2d%6a%73%6f%6e\/wp\/v2\/media\/2406"}],"wp:attachment":[{"href":"https:\/\/spatzenkutter.gob.ar\/%77%70%2d%6a%73%6f%6e\/wp\/v2\/media?parent=2405"}],"wp:term":[{"taxonomy":"category","embeddable":true,"href":"https:\/\/spatzenkutter.gob.ar\/%77%70%2d%6a%73%6f%6e\/wp\/v2\/categories?post=2405"},{"taxonomy":"post_tag","embeddable":true,"href":"https:\/\/spatzenkutter.gob.ar\/%77%70%2d%6a%73%6f%6e\/wp\/v2\/tags?post=2405"}],"curies":[{"name":"wp","href":"https:\/\/api.w.org\/{rel}","templated":true}]}}