{"id":2426,"date":"2025-05-15T19:20:12","date_gmt":"2025-05-15T19:20:12","guid":{"rendered":"https:\/\/spatzenkutter.gob.ar\/?p=2426"},"modified":"2025-05-15T19:20:12","modified_gmt":"2025-05-15T19:20:12","slug":"celebramos-el-dia-internacional-de-los-museos","status":"publish","type":"post","link":"https:\/\/spatzenkutter.gob.ar\/celebramos-el-dia-internacional-de-los-museos\/","title":{"rendered":"Celebramos el D\u00eda Internacional de los Museos"},"content":{"rendered":"<p>Cada 18 de mayo se celebra el D\u00eda Internacional de los Museos. Se trata de un evento coordinado por el Consejo Internacional de Museos, que tiene lugar cada a\u00f1o desde 1977 y pone de relieve temas relacionados con el funcionamiento de los museos, con la idea de motivar al p\u00fablico a visitarlos y sensibilizar a la poblaci\u00f3n sobre el papel que juegan en el intercambio cultural y el desarrollo social de los pa\u00edses.<\/p>\n<p>En ese contexto, con la organizaci\u00f3n a cargo del \u00c1rea de Cultura y Turismo Comunal, se llevar\u00e1 a cabo en Aldea Spatzenkutter este domingo 18 de mayo una propuesta educativa y recreativa, basada en una muestra itinerante, de 16.00 a 18.30, en el Museo Nuestras Ra\u00edces Alemanas, ubicado en Avenida Alemanes del Volga 524.<\/p>\n<p>El objetivo es que los asistentes puedan descubrir una forma de expresi\u00f3n colectiva y parte de la historia local, disfrutando de una tarde cultura y tradiciones.                            <\/p>\n<p>Se puede pedir m\u00e1s informaci\u00f3n comunic\u00e1ndose al 343 4280524.<\/p>\n","protected":false},"excerpt":{"rendered":"<p>Cada 18 de mayo se celebra el D\u00eda Internacional de los Museos. Se trata de un evento coordinado por el Consejo Internacional de Museos, que tiene lugar cada a\u00f1o desde&hellip;<\/p>\n","protected":false},"author":2,"featured_media":2427,"comment_status":"open","ping_status":"open","sticky":false,"template":"","format":"standard","meta":{"_lmt_disableupdate":"","_lmt_disable":"","footnotes":""},"categories":[10],"tags":[100],"class_list":["post-2426","post","type-post","status-publish","format-standard","has-post-thumbnail","hentry","category-noticias","tag-museos"],"_links":{"self":[{"href":"https:\/\/spatzenkutter.gob.ar\/%77%70%2d%6a%73%6f%6e\/wp\/v2\/posts\/2426","targetHints":{"allow":["GET"]}}],"collection":[{"href":"https:\/\/spatzenkutter.gob.ar\/%77%70%2d%6a%73%6f%6e\/wp\/v2\/posts"}],"about":[{"href":"https:\/\/spatzenkutter.gob.ar\/%77%70%2d%6a%73%6f%6e\/wp\/v2\/types\/post"}],"author":[{"embeddable":true,"href":"https:\/\/spatzenkutter.gob.ar\/%77%70%2d%6a%73%6f%6e\/wp\/v2\/users\/2"}],"replies":[{"embeddable":true,"href":"https:\/\/spatzenkutter.gob.ar\/%77%70%2d%6a%73%6f%6e\/wp\/v2\/comments?post=2426"}],"version-history":[{"count":1,"href":"https:\/\/spatzenkutter.gob.ar\/%77%70%2d%6a%73%6f%6e\/wp\/v2\/posts\/2426\/revisions"}],"predecessor-version":[{"id":2428,"href":"https:\/\/spatzenkutter.gob.ar\/%77%70%2d%6a%73%6f%6e\/wp\/v2\/posts\/2426\/revisions\/2428"}],"wp:featuredmedia":[{"embeddable":true,"href":"https:\/\/spatzenkutter.gob.ar\/%77%70%2d%6a%73%6f%6e\/wp\/v2\/media\/2427"}],"wp:attachment":[{"href":"https:\/\/spatzenkutter.gob.ar\/%77%70%2d%6a%73%6f%6e\/wp\/v2\/media?parent=2426"}],"wp:term":[{"taxonomy":"category","embeddable":true,"href":"https:\/\/spatzenkutter.gob.ar\/%77%70%2d%6a%73%6f%6e\/wp\/v2\/categories?post=2426"},{"taxonomy":"post_tag","embeddable":true,"href":"https:\/\/spatzenkutter.gob.ar\/%77%70%2d%6a%73%6f%6e\/wp\/v2\/tags?post=2426"}],"curies":[{"name":"wp","href":"https:\/\/api.w.org\/{rel}","templated":true}]}}